{"id":96835,"date":"2026-08-14T11:49:14","date_gmt":"2026-08-14T11:49:14","guid":{"rendered":"https:\/\/zennihost.com\/test\/2026\/08\/14\/hamza-kurti-po-e-mban-peng-shtetin-pa-respektuar-kushtetuten\/"},"modified":"2026-08-14T11:49:14","modified_gmt":"2026-08-14T11:49:14","slug":"hamza-kurti-po-e-mban-peng-shtetin-pa-respektuar-kushtetuten","status":"publish","type":"post","link":"https:\/\/zennihost.com\/test\/2026\/08\/14\/hamza-kurti-po-e-mban-peng-shtetin-pa-respektuar-kushtetuten\/","title":{"rendered":"Hamza: Kurti po e mban peng shtetin, pa respektuar Kushtetut\u00ebn"},"content":{"rendered":"<p>Kryetari i Partis\u00eb Demokratike t\u00eb Kosov\u00ebs, Bedri Hamza, ka kritikuar kryeministrin n\u00eb detyr\u00eb, Albin Kurti, duke th\u00ebn\u00eb se Vet\u00ebvendosje ka kaluar nj\u00eb kufi kushtetues duke mos e konstituar Kuvendin brenda afatit t\u00eb p\u00ebrcaktuar me Kushtetut\u00eb. Ai ka th\u00ebn\u00eb se pa e kthyer procesin n\u00eb binar\u00ebt kushtetues, Kurti s\u2019ka kredibilitet t\u00eb hap\u00eb tema t\u00eb tjera madhore shtet\u00ebrore. <\/p>\n<p>Hamza, i cili deklarat\u00ebn e b\u00ebri n\u00eb sall\u00ebn e Kuvendit n\u00eb prani t\u00eb deputet\u00ebve t\u00eb PDK-s\u00eb dhe Aleanc\u00ebs, ka th\u00ebn\u00eb se vendi tashm\u00eb nuk po p\u00ebrballet vet\u00ebm me kriz\u00eb politike, por edhe me kriz\u00eb kushtetuese dhe institucionale.<\/p>\n<p>\u201cVV-ja, Kurti, Haxhiu e Dehari e kan\u00eb kaluar nj\u00eb kufi q\u00eb nuk \u00ebsht\u00eb dashur ta kalojn\u00eb kurr\u00eb. Ata q\u00ebllimisht e kan\u00eb shkelur afatin kushtetues p\u00ebr konstituimin e Kuvendit. Jo nj\u00eb afat t\u00eb vendosur nga opozita, por nga Kushtetuta\u201d, ka th\u00ebn\u00eb Hamza.<\/p>\n<p>Sipas tij, mungesa e nj\u00eb Kuvendi t\u00eb konstituar dhe e nj\u00eb Qeverie me mandat t\u00eb ri ka krijuar pasiguri institucionale.<\/p>\n<p>\u201cInstitucionet po funksionojn\u00eb n\u00eb terren t\u00eb pasigurt, me shkelje t\u00eb Kushtetut\u00ebs, nd\u00ebrsa p\u00ebrgjegj\u00ebsia politike po shtyhet nga nj\u00eb dit\u00eb n\u00eb tjetr\u00ebn. Kjo nuk \u00ebsht\u00eb normale dhe nuk do t\u00eb lejojm\u00eb t\u00eb b\u00ebhet normale\u201d, u shpreh ai.<\/p>\n<p>Kryetari i Partis\u00eb Demokratike t\u00eb Kosov\u00ebs, Bedri Hamza, ka kritikuar kryeministrin n\u00eb detyr\u00eb, Albin Kurti, duke th\u00ebn\u00eb se Vet\u00ebvendosje ka kaluar nj\u00eb kufi kushtetues duke mos e konstituar Kuvendin brenda afatit t\u00eb p\u00ebrcaktuar me Kushtetut\u00eb. Ai ka th\u00ebn\u00eb se pa e kthyer procesin n\u00eb binar\u00ebt kushtetues, Kurti s\u2019ka kredibilitet t\u00eb hap\u00eb tema t\u00eb tjera madhore shtet\u00ebrore. <\/p>\n<p>Hamza, i cili deklarat\u00ebn e b\u00ebri n\u00eb sall\u00ebn e Kuvendit n\u00eb prani t\u00eb deputet\u00ebve t\u00eb PDK-s\u00eb dhe Aleanc\u00ebs, ka th\u00ebn\u00eb se vendi tashm\u00eb nuk po p\u00ebrballet vet\u00ebm me kriz\u00eb politike, por edhe me kriz\u00eb kushtetuese dhe institucionale.<\/p>\n<p>\u201cVV-ja, Kurti, Haxhiu e Dehari e kan\u00eb kaluar nj\u00eb kufi q\u00eb nuk \u00ebsht\u00eb dashur ta kalojn\u00eb kurr\u00eb. Ata q\u00ebllimisht e kan\u00eb shkelur afatin kushtetues p\u00ebr konstituimin e Kuvendit. Jo nj\u00eb afat t\u00eb vendosur nga opozita, por nga Kushtetuta\u201d, ka th\u00ebn\u00eb Hamza.<\/p>\n<p>Sipas tij, mungesa e nj\u00eb Kuvendi t\u00eb konstituar dhe e nj\u00eb Qeverie me mandat t\u00eb ri ka krijuar pasiguri institucionale.<\/p>\n<p>\u201cInstitucionet po funksionojn\u00eb n\u00eb terren t\u00eb pasigurt, me shkelje t\u00eb Kushtetut\u00ebs, nd\u00ebrsa p\u00ebrgjegj\u00ebsia politike po shtyhet nga nj\u00eb dit\u00eb n\u00eb tjetr\u00ebn. Kjo nuk \u00ebsht\u00eb normale dhe nuk do t\u00eb lejojm\u00eb t\u00eb b\u00ebhet normale\u201d, u shpreh ai.<\/p>\n<p>Hamza ka th\u00ebn\u00eb se asnj\u00eb lider politik nuk mund ta interpretoj\u00eb Kushtetut\u00ebn sipas interesit t\u00eb partis\u00eb s\u00eb tij.<\/p>\n<p>\u201cShteti nuk \u00ebsht\u00eb Albin Kurti, por Kushtetuta. Jan\u00eb institucionet dhe kufijt\u00eb q\u00eb s\u2019ka t\u00eb drejt\u00eb askush t\u2019i kaloj\u00eb. Nuk ka mandat ta interpretoj\u00eb Kushtetut\u00ebn sipas interesit t\u00eb partis\u00eb s\u00eb tij\u201d, deklaroi ai.<\/p>\n<p>Kryetari i PDK-s\u00eb paralajm\u00ebroi se rreziku m\u00eb i madh, sipas tij, \u00ebsht\u00eb krijimi i nj\u00eb precedenti p\u00ebr shkeljen e Kushtetut\u00ebs.<\/p>\n<p>\u201cPrecedenti po e b\u00ebjn\u00eb praktik\u00eb dhe praktik\u00ebn e shkeljeve po na shesin si normalitet. E refuzojm\u00eb k\u00ebt\u00eb. Nuk ka mandat politik mbi Kushtetut\u00ebn. Partit\u00eb vijn\u00eb e shkojn\u00eb, por Republika duhet t\u00eb mbetet\u201d, ka shtuar Hamza.<\/p>\n<p>Ai k\u00ebrkoi nga Kurti q\u00eb t\u00eb reflektoj\u00eb dhe ta kthej\u00eb procesin n\u00eb, si\u00e7 tha, \u201cbinar\u00ebt kushtetues\u201d, duke e b\u00ebr\u00eb k\u00ebt\u00eb kusht edhe p\u00ebr diskutimin e temave t\u00eb tjera shtet\u00ebrore.<\/p>\n<p>\u201cPa u kthyer rendi kushtetues, me ne nuk mund t\u00eb flitet. P\u00ebrderisa nuk reflekton dhe nuk e kthen procesin n\u00eb binar\u00ebt kushtetues, Kurti nuk ka kredibilitet p\u00ebr t\u00eb hapur tema t\u00eb tjera madhore shtet\u00ebrore\u201d, p\u00ebrfundoi Hamza.<\/p>\n<p>E nga holli i Kuvendit Hamza doli n\u00eb konferenc\u00eb nga ku tha se \u201cpas q\u00ebndrimit t\u00eb fundi t\u00eb LDK-s\u00eb, rruga \u00ebsht\u00eb e hapur\u201d p\u00ebr formimin e institucioneve.<\/p>\n<p>\u201cI kan\u00eb numrat, i kan\u00eb votat\u201d, ka th\u00ebn\u00eb ai duke shtuar se LVV-ja po e mban vendin n\u00eb vakum institucional.<\/p>\n<p>\u201cNuk ka situat\u00eb m\u00eb serioze, nuk mund t\u00eb ket\u00eb situat\u00eb m\u00eb serioze sesa suspendimi i rendit kushtetues, sesa mosrespektimi i rregullores s\u00eb pun\u00ebs s\u00eb Kuvendit, sesa mosrepsektimi i vendimeve t\u00eb gjykatave, p\u00ebrfshir\u00eb edhe vendimin e Gjykat\u00ebs Supreme\u201d, deklaroi ai.<\/p>\n<p>Hamza shtoi se PDK-ja nuk ka vendosur vija t\u00eb kuqe bashk\u00ebpunimi me ask\u00ebnd, por p\u00ebr mund\u00ebsin\u00eb e bashk\u00ebpunimit me LVV-n\u00eb ai theksoi se Kurti nuk e ka dashur at\u00eb por \u201cn\u00ebnshtrimin\u201d.<\/p>\n<p>Seanca konstituive e legjislatur\u00ebs s\u00eb 11-t\u00eb u thirr m\u00eb 6 gusht, por nuk arriti t\u00eb p\u00ebrfundoj\u00eb n\u00eb dy tentativat e deritanishme. Kryetari i VV-s\u00eb, Albin Kurti, k\u00ebrkoi koh\u00eb shtes\u00eb p\u00ebr diskutime rreth \u00e7\u00ebshtjes s\u00eb presidentit. Nga procesi i konstituimit kan\u00eb mbetur t\u00eb votohen kryetari dhe n\u00ebnkryetar\u00ebt e Kuvendit. PDK-ja e ka b\u00ebr\u00eb t\u00eb qart\u00eb se nuk do t\u00eb zhvilloj\u00eb diskutime me VV-n\u00eb, nd\u00ebrsa Aleanca ka kusht\u00ebzuar \u00e7do diskutim me p\u00ebrmbushjen e gjasht\u00eb k\u00ebrkesave t\u00eb saj. N\u00eb k\u00ebt\u00eb situat\u00eb, v\u00ebmendja \u00ebsht\u00eb kthyer te LDK-ja, e cila ka hequr dor\u00eb nga k\u00ebrkesa p\u00ebr postin e presidentit dhe p\u00ebr pjes\u00ebmarrje n\u00eb bashk\u00ebqeverisje me VV-n\u00eb, duke u shprehur e gatshme t\u00eb diskutoj\u00eb p\u00ebr zgjedhjen e nj\u00eb presidenti konsensual.<\/p>\n<p>PDK-ja e Aleanca po shkojn\u00eb n\u00eb sall\u00ebn e Kuvendit \u00e7do 48 or\u00eb, duke th\u00ebn\u00eb se po respektojn\u00eb aktgjykimin e Kushtetueses. <\/p>","protected":false},"excerpt":{"rendered":"<p>Kryetari i Partis\u00eb Demokratike t\u00eb Kosov\u00ebs, Bedri Hamza, ka kritikuar kryeministrin n\u00eb detyr\u00eb, Albin Kurti, duke th\u00ebn\u00eb se Vet\u00ebvendosje ka kaluar nj\u00eb kufi kushtetues duke mos e konstituar Kuvendin brenda afatit t\u00eb p\u00ebrcaktuar me Kushtetut\u00eb. Ai ka th\u00ebn\u00eb se pa e kthyer procesin n\u00eb binar\u00ebt kushtetues, Kurti s\u2019ka kredibilitet t\u00eb hap\u00eb tema t\u00eb tjera madhore [&hellip;]<\/p>\n","protected":false},"author":0,"featured_media":0,"comment_status":"open","ping_status":"open","sticky":false,"template":"","format":"standard","meta":{"footnotes":""},"categories":[1],"tags":[],"class_list":["post-96835","post","type-post","status-publish","format-standard","hentry","category-uncategorized"],"_links":{"self":[{"href":"https:\/\/zennihost.com\/test\/wp-json\/wp\/v2\/posts\/96835","targetHints":{"allow":["GET"]}}],"collection":[{"href":"https:\/\/zennihost.com\/test\/wp-json\/wp\/v2\/posts"}],"about":[{"href":"https:\/\/zennihost.com\/test\/wp-json\/wp\/v2\/types\/post"}],"replies":[{"embeddable":true,"href":"https:\/\/zennihost.com\/test\/wp-json\/wp\/v2\/comments?post=96835"}],"version-history":[{"count":0,"href":"https:\/\/zennihost.com\/test\/wp-json\/wp\/v2\/posts\/96835\/revisions"}],"wp:attachment":[{"href":"https:\/\/zennihost.com\/test\/wp-json\/wp\/v2\/media?parent=96835"}],"wp:term":[{"taxonomy":"category","embeddable":true,"href":"https:\/\/zennihost.com\/test\/wp-json\/wp\/v2\/categories?post=96835"},{"taxonomy":"post_tag","embeddable":true,"href":"https:\/\/zennihost.com\/test\/wp-json\/wp\/v2\/tags?post=96835"}],"curies":[{"name":"wp","href":"https:\/\/api.w.org\/{rel}","templated":true}]}}