{"id":96834,"date":"2026-08-14T11:49:13","date_gmt":"2026-08-14T11:49:13","guid":{"rendered":"https:\/\/zennihost.com\/test\/2026\/08\/14\/miti-i-mergimtarit-si-daja-nga-amerika\/"},"modified":"2026-08-14T11:49:13","modified_gmt":"2026-08-14T11:49:13","slug":"miti-i-mergimtarit-si-daja-nga-amerika","status":"publish","type":"post","link":"https:\/\/zennihost.com\/test\/2026\/08\/14\/miti-i-mergimtarit-si-daja-nga-amerika\/","title":{"rendered":"Miti i m\u00ebrgimtarit si daja nga Amerika"},"content":{"rendered":"<p>Nga Frrok \u00c7upi<\/p>\n<p>Daja i kishte torturuar nj\u00eb jet\u00eb t\u00eb t\u00ebr\u00eb me arratisjen n\u00eb Amerik\u00eb. Megjithat\u00eb, ishin \u00e7\u2019ishin nga soj e sorollopi, mbanin nj\u00eb vesh nga Z\u00ebri i Amerik\u00ebs dhe nj\u00eb sy nga Oqeani. Kishin d\u00ebgjuar se vendi atje p\u00ebrtej kishte shum\u00eb mall e pasuri; daja kur t\u00eb vinte nj\u00eb dit\u00eb, do t\u00eb vinte i ngarkuar me t\u00eb mira.<\/p>\n<p>Dhe prisnin, derisa nj\u00eb dit\u00eb\u2026<\/p>\n<p>Ngjarja reale \u00ebsht\u00eb treguar n\u00eb dasma e n\u00eb morte. Duke kaluar dor\u00eb m\u00eb dor\u00eb, \u00ebsht\u00eb kthyer n\u00eb nj\u00eb si legjend\u00eb. Legjenda ka krijuar mitin e m\u00ebrgimtarit. Sot  n\u00eb Kosov\u00eb, por jo n\u00eb Shqip\u00ebri- fatmir\u00ebsisht, miti i m\u00ebrgimtarit b\u00ebn ligjin. Kemi, t\u00eb pakt\u00ebn tre dit\u00ebt e fundit, q\u00eb Kosova e pavarur por e mbetur pa shtet, po pret m\u00ebrgimtar\u00ebt q\u00eb t\u00eb zgjidhin kriz\u00ebn politike q\u00eb ka kapluar vendin. M\u00ebrgimtar\u00ebt jan\u00eb ku e ku m\u00eb t\u00eb r\u00ebnd\u00ebsish\u00ebm se deputet\u00ebt.<\/p>\n<p>M\u00ebrgimtar\u00ebt po hyjn\u00eb n\u00eb sall\u00ebn e Parlamentit dhe po flasin e vendosin \u2018si me ia ba\u2019. Nj\u00eb nga m\u00ebrgimtar\u00ebt ankohej sot n\u00eb nj\u00eb video se \u2018a po shikoni, nuk po m\u00eb l\u00ebn\u00eb t\u00eb hyj n\u00eb parlament\u2019. Nd\u00ebrkoh\u00eb nj\u00eb si roje i p\u00ebrgj\u00ebrohej \u201chajde, ndonj\u00eb gabim, ju keni vendin tuaj n\u00eb ul\u00ebse\u2019.<\/p>\n<p>Kriza e Kosov\u00ebs politike ka marr\u00eb \u2018shal\u00ebt\u2019 teksa pritet ta zgjidhin m\u00ebrgimtar\u00ebt. Demokracia nuk \u00ebsht\u00eb m\u00eb, sistemi \u00ebsht\u00eb kthyer n\u00eb para- politik\u00eb diku n\u00eb Mesjet\u00eb. Qytetar\u00ebt votuan p\u00ebr Kuvendin, votuan si votuan. Por qeverin\u00eb, parlamentin dhe presidentin  i presin t\u2019i ken\u00eb ashtu si\u00e7 votuan. Del se vota nuk paska vler\u00eb para m\u00ebrgimtar\u00ebve.<\/p>\n<p>Ky \u00ebsht\u00eb nj\u00eb kompleks gjigand i inferioritetit. Kosova po kthehet te \u2018daja\u2019 q\u00eb vjen nga Amerika, ose te l\u00ebmosha e dikujt q\u00eb rreket me gjith\u00eb mundimet p\u00ebr ca euro diku n\u00eb Per\u00ebndim.<\/p>\n<p>Shpesh her\u00eb \u00ebsht\u00eb b\u00ebr\u00eb pyetja \u2018ku e kan\u00eb forc\u00ebn mbi popullore e mbi \u2013 parlamentare m\u00ebrgimtar\u00ebt e Kosov\u00ebs\u2019?.<\/p>\n<p>Ka shkaqet e veta edhe kjo.<\/p>\n<p>E para se emigrant\u00ebt kosovar\u00eb shkel\u00ebn shpejt n\u00eb shtetet e Per\u00ebndimit. Atje gjet\u00ebn mir\u00eb. N\u00eb Kosov\u00eb u prit\u00ebn mir\u00eb sepse edhe soll\u00ebn \u2018mir\u00eb\u2019 euro. Sado q\u00eb Kosova r\u00ebnkonte nga nj\u00eb qeverisje represive e Milloshevi\u00e7it, m\u00ebrgimtar\u00ebt ishin nj\u00eb shp\u00ebtim. Kjo i b\u00ebri ata t\u00eb pushtetsh\u00ebm n\u00eb ajrin e vendlindjes.<\/p>\n<p>Pas periudh\u00ebs kur Ibrahim Rugova shpalli pavar\u00ebsin\u00eb dhe \u2018qeverin\u00eb n\u00eb ekzil\u2019 t\u00eb Kosov\u00ebs, m\u00ebrgimtar\u00ebt u th\u00ebrrit\u00ebn t\u00eb kontribuojn\u00eb me euro p\u00ebr qeverin\u00eb e Kosov\u00ebs. Tre p\u00ebr qind e pag\u00ebs s\u00eb \u00e7do m\u00ebrgimtari duhej t\u00eb shkonte n\u00eb dobi t\u00eb qeveris\u00ebs paralele t\u00eb Kosov\u00ebs. U ba!<\/p>\n<p>Shum\u00eb financa, shum\u00eb kontribut, por asnj\u00eb shkoll\u00eb nuk u nd\u00ebrtua n\u00eb Kosov\u00eb. Qindra her\u00eb m\u00eb shum\u00eb shkolla kishte ngritur atje shkrimtari shkodran Ernest Koliqi. Sidoqoft\u00eb. M\u00ebrgata u kthye n\u00eb \u2018faltore\u2019 p\u00ebr qytetar\u00ebt e Kosov\u00ebs. K\u00ebnga si vaje dhe elegjia p\u00ebr m\u00ebrgimin, i ka b\u00ebr\u00eb edhe m\u00eb t\u00eb pushtetsh\u00ebm.<\/p>\n<p>Edhe n\u00eb Luft\u00ebn e Kosov\u00ebs \u2018m\u00ebrgimtar\u00ebt e lajthitur\u2019 erdh\u00ebn n\u00eb Kosov\u00eb, nd\u00ebrsa t\u00eb tjer\u00ebt q\u00ebndruan n\u00eb Per\u00ebndim. Shum\u00eb prej tyre i pengonte fakti q\u00eb Lufta ishte \u2018amerikane\u2019; dhe nuk po e dojshin fort.<\/p>\n<p>Me ardhjen n\u00eb pushtet t\u00eb Albin Kurtit, m\u00ebrgata \u00ebsht\u00eb thuajse e t\u00ebra n\u00eb mb\u00ebshtetje t\u00eb tij. K\u00ebsaj here, edhe pse Kurti e la Kosov\u00ebn pa shtet p\u00ebr t\u00eb kat\u00ebrt\u00ebn her\u00eb, ata kan\u00eb l\u00ebn\u00eb Per\u00ebndimin dhe kan\u00eb mb\u00ebrritur n\u00eb Parlament n\u00eb mb\u00ebshtetje t\u00eb tij.<\/p>\n<p>Arsyeja \u00ebsht\u00eb nuhatja politike, si m\u00ebrgata edhe Kurti jan\u00eb t\u00eb majt\u00eb ekstrem\u00eb. N\u00eb vitet 90- 91 kur emigrant\u00ebt nga Shqip\u00ebria u p\u00ebrhapen n\u00eb Per\u00ebndim, emigrant\u00ebt kosovar\u00eb u d\u00ebshmuan t\u00eb hidh\u00ebt: \u201cPse e lat\u00eb Shqipnin\u00eb e Enver Hoxh\u00ebs?!\u201d.<\/p>\n<p>Sidoqoft\u00eb\u2026<\/p>\n<p>A mund t\u00eb zgjidhet kriza nga M\u00ebrgata?! \u2018M\u00ebrgata\u2019 \u00ebsht\u00eb edhe fjal\u00eb  sh\u00ebmtuar, shkruante Seneka- filozofi i Rom\u00ebs s\u00eb Lasht\u00eb. Zgjidhja e kriz\u00ebs politike nga m\u00ebrgata nuk mund t\u00eb ndodh\u00eb. Kosova, e nxjerr\u00eb nga binar\u00ebt e ligjit, nuk mund t\u00eb b\u00ebhet nga \u2018 p\u00ebrtej detit\u2019. Kosova ka kap\u00ebrcyer kushtetut\u00ebn dhe ligjin, s\u2019mund t\u00eb sh\u00ebrohet nga faktor\u00eb jasht\u00eb politik.<\/p>\n<p>Historia e \u2018daj\u00ebs\u2019 solli humor n\u00eb Shqip\u00ebri aty nga vitet 90, jo m\u00eb von\u00eb. Nj\u00eb zyrtar i demokracis\u00eb kishte th\u00ebrritur miting n\u00eb qytet dhe thoshte se \u2018tani do t\u00eb kemi boll\u00ebk, mos punoni se sjellim nga jasht\u00eb!\u2019. F\u00ebmij\u00eb e t\u00eb rritur th\u00ebrrisnin dritare m\u00eb dritare: \u201cPaska ardhur daja nga Amerika\u2019.<\/p>","protected":false},"excerpt":{"rendered":"<p>Nga Frrok \u00c7upi Daja i kishte torturuar nj\u00eb jet\u00eb t\u00eb t\u00ebr\u00eb me arratisjen n\u00eb Amerik\u00eb. Megjithat\u00eb, ishin \u00e7\u2019ishin nga soj e sorollopi, mbanin nj\u00eb vesh nga Z\u00ebri i Amerik\u00ebs dhe nj\u00eb sy nga Oqeani. Kishin d\u00ebgjuar se vendi atje p\u00ebrtej kishte shum\u00eb mall e pasuri; daja kur t\u00eb vinte nj\u00eb dit\u00eb, do t\u00eb vinte i [&hellip;]<\/p>\n","protected":false},"author":0,"featured_media":0,"comment_status":"open","ping_status":"open","sticky":false,"template":"","format":"standard","meta":{"footnotes":""},"categories":[1],"tags":[],"class_list":["post-96834","post","type-post","status-publish","format-standard","hentry","category-uncategorized"],"_links":{"self":[{"href":"https:\/\/zennihost.com\/test\/wp-json\/wp\/v2\/posts\/96834","targetHints":{"allow":["GET"]}}],"collection":[{"href":"https:\/\/zennihost.com\/test\/wp-json\/wp\/v2\/posts"}],"about":[{"href":"https:\/\/zennihost.com\/test\/wp-json\/wp\/v2\/types\/post"}],"replies":[{"embeddable":true,"href":"https:\/\/zennihost.com\/test\/wp-json\/wp\/v2\/comments?post=96834"}],"version-history":[{"count":0,"href":"https:\/\/zennihost.com\/test\/wp-json\/wp\/v2\/posts\/96834\/revisions"}],"wp:attachment":[{"href":"https:\/\/zennihost.com\/test\/wp-json\/wp\/v2\/media?parent=96834"}],"wp:term":[{"taxonomy":"category","embeddable":true,"href":"https:\/\/zennihost.com\/test\/wp-json\/wp\/v2\/categories?post=96834"},{"taxonomy":"post_tag","embeddable":true,"href":"https:\/\/zennihost.com\/test\/wp-json\/wp\/v2\/tags?post=96834"}],"curies":[{"name":"wp","href":"https:\/\/api.w.org\/{rel}","templated":true}]}}