{"id":96833,"date":"2026-08-14T11:49:13","date_gmt":"2026-08-14T11:49:13","guid":{"rendered":"https:\/\/zennihost.com\/test\/2026\/08\/14\/bravo-cuna-balla-pergezon-punen-e-ekipit-te-ukt-riparuan-ne-kohe-rekord-defektin-ne-zonen-e-teg-ut\/"},"modified":"2026-08-14T11:49:13","modified_gmt":"2026-08-14T11:49:13","slug":"bravo-cuna-balla-pergezon-punen-e-ekipit-te-ukt-riparuan-ne-kohe-rekord-defektin-ne-zonen-e-teg-ut","status":"publish","type":"post","link":"https:\/\/zennihost.com\/test\/2026\/08\/14\/bravo-cuna-balla-pergezon-punen-e-ekipit-te-ukt-riparuan-ne-kohe-rekord-defektin-ne-zonen-e-teg-ut\/","title":{"rendered":"\u201cBravo \u00e7una\u201d, Balla p\u00ebrg\u00ebzon pun\u00ebn e Ekipit t\u00eb UKT: Riparuan n\u00eb koh\u00eb rekord defektin n\u00eb zon\u00ebn e TEG-ut"},"content":{"rendered":"<p>Ekipet teknike t\u00eb Uj\u00ebsjell\u00ebs Kanalizime Tiran\u00eb (UKT) kan\u00eb nd\u00ebrhyr\u00eb dhe riparuar n\u00eb koh\u00eb rekord nj\u00eb defekt n\u00eb tubacionin n\u00eb zon\u00ebn e TEG-ut n\u00eb kryeqytet.<\/p>\n<p>Tubacioni sh\u00ebrben p\u00ebr furnizimin me uj\u00eb t\u00eb zonave t\u00eb Daiasit dhe Lundr\u00ebs, nd\u00ebrsa nd\u00ebrhyrja e shpejt\u00eb e ekipeve teknike ka b\u00ebr\u00eb t\u00eb mundur rikthimin e furnizimit dhe minimizimin e problematik\u00ebs p\u00ebr banor\u00ebt.<\/p>\n<p>Kryetari i Grupit Parlamentar t\u00eb Partis\u00eb Socialiste dhe nj\u00ebher\u00ebsh Drejtues Politik p\u00ebr Qarkun Tiran\u00eb, Taulant Balla, ka publikuar n\u00eb rrjetet sociale nj\u00eb video nga puna e ekipeve t\u00eb UKT-s\u00eb, duke vler\u00ebsuar angazhimin e tyre.<\/p>\n<p>\u201cBravo \u00e7una\u201d, shkruan Balla, teksa ndan pamjet nga nd\u00ebrhyrja n\u00eb terren.<\/p>\n<p>Reagimi i shpejt\u00eb i ekipeve t\u00eb UKT-s\u00eb vjen n\u00eb kuad\u00ebr t\u00eb pun\u00ebs p\u00ebr garantimin e furnizimit me uj\u00eb dhe nd\u00ebrhyrjen n\u00eb koh\u00eb ndaj defekteve n\u00eb rrjetin e uj\u00ebsjell\u00ebsit t\u00eb kryeqytetit.<\/p>","protected":false},"excerpt":{"rendered":"<p>Ekipet teknike t\u00eb Uj\u00ebsjell\u00ebs Kanalizime Tiran\u00eb (UKT) kan\u00eb nd\u00ebrhyr\u00eb dhe riparuar n\u00eb koh\u00eb rekord nj\u00eb defekt n\u00eb tubacionin n\u00eb zon\u00ebn e TEG-ut n\u00eb kryeqytet. Tubacioni sh\u00ebrben p\u00ebr furnizimin me uj\u00eb t\u00eb zonave t\u00eb Daiasit dhe Lundr\u00ebs, nd\u00ebrsa nd\u00ebrhyrja e shpejt\u00eb e ekipeve teknike ka b\u00ebr\u00eb t\u00eb mundur rikthimin e furnizimit dhe minimizimin e problematik\u00ebs p\u00ebr [&hellip;]<\/p>\n","protected":false},"author":0,"featured_media":0,"comment_status":"open","ping_status":"open","sticky":false,"template":"","format":"standard","meta":{"footnotes":""},"categories":[1],"tags":[],"class_list":["post-96833","post","type-post","status-publish","format-standard","hentry","category-uncategorized"],"_links":{"self":[{"href":"https:\/\/zennihost.com\/test\/wp-json\/wp\/v2\/posts\/96833","targetHints":{"allow":["GET"]}}],"collection":[{"href":"https:\/\/zennihost.com\/test\/wp-json\/wp\/v2\/posts"}],"about":[{"href":"https:\/\/zennihost.com\/test\/wp-json\/wp\/v2\/types\/post"}],"replies":[{"embeddable":true,"href":"https:\/\/zennihost.com\/test\/wp-json\/wp\/v2\/comments?post=96833"}],"version-history":[{"count":0,"href":"https:\/\/zennihost.com\/test\/wp-json\/wp\/v2\/posts\/96833\/revisions"}],"wp:attachment":[{"href":"https:\/\/zennihost.com\/test\/wp-json\/wp\/v2\/media?parent=96833"}],"wp:term":[{"taxonomy":"category","embeddable":true,"href":"https:\/\/zennihost.com\/test\/wp-json\/wp\/v2\/categories?post=96833"},{"taxonomy":"post_tag","embeddable":true,"href":"https:\/\/zennihost.com\/test\/wp-json\/wp\/v2\/tags?post=96833"}],"curies":[{"name":"wp","href":"https:\/\/api.w.org\/{rel}","templated":true}]}}