{"id":96831,"date":"2026-08-14T10:48:19","date_gmt":"2026-08-14T10:48:19","guid":{"rendered":"https:\/\/zennihost.com\/test\/2026\/08\/14\/gjyqi-i-nenes-amerikane-per-vrasjen-e-3-femijeve-ndreca-atje-mbrohet-privatesia-pa-mbyllur-drejtesine-ne-shqiperi-per-te-mbrojtur-privatesine-mbyllim-drejtesine\/"},"modified":"2026-08-14T10:48:19","modified_gmt":"2026-08-14T10:48:19","slug":"gjyqi-i-nenes-amerikane-per-vrasjen-e-3-femijeve-ndreca-atje-mbrohet-privatesia-pa-mbyllur-drejtesine-ne-shqiperi-per-te-mbrojtur-privatesine-mbyllim-drejtesine","status":"publish","type":"post","link":"https:\/\/zennihost.com\/test\/2026\/08\/14\/gjyqi-i-nenes-amerikane-per-vrasjen-e-3-femijeve-ndreca-atje-mbrohet-privatesia-pa-mbyllur-drejtesine-ne-shqiperi-per-te-mbrojtur-privatesine-mbyllim-drejtesine\/","title":{"rendered":"Gjyqi i n\u00ebn\u00ebs amerikane p\u00ebr vrasjen e 3 f\u00ebmij\u00ebve, Ndreca: Atje mbrohet privat\u00ebsia pa mbyllur drejt\u00ebsin\u00eb, n\u00eb Shqip\u00ebri p\u00ebr t\u00eb mbrojtur privat\u00ebsin\u00eb mbyllim drejt\u00ebsin\u00eb"},"content":{"rendered":"<p>Avokati mbrojt\u00ebs i kryebashkiakut t\u00eb Tiran\u00ebs, Erion Veliaj, Plarent Ndreca, ka reaguar lidhur me moslejimin e kamerave p\u00ebr t\u00eb transmetuar proceset gjyq\u00ebsore n\u00eb Shqip\u00ebri.<\/p>\n<p>Duke b\u00ebr\u00eb nj\u00eb krahasim me rastin e gjyqit t\u00eb Lindsay Clancy, n\u00ebn\u00ebs amerikane q\u00eb akuzohet p\u00ebr vrasjen e tre f\u00ebmij\u00ebve t\u00eb saj, gjyq i cili po transmetohet live n\u00eb SHBA, pavar\u00ebsisht \u00e7\u00ebshtjeve shum\u00eb sensitive q\u00eb trajtohen aty, Ndreca thot\u00eb se ky \u00ebsht\u00eb treguesi m\u00eb i qart\u00eb se sa shum\u00eb rrug\u00eb ka ende p\u00ebr t\u00eb b\u00ebr\u00eb drejt\u00ebsia shqiptare n\u00eb respekt t\u00eb parimit kushtetues t\u00eb publicitetit t\u00eb seanc\u00ebs gjyq\u00ebsore.<\/p>\n<p>Reagimi i plot\u00eb i Ndrec\u00ebs:<\/p>\n<p>Ky \u00ebsht\u00eb gjyqi i Lindsay Clancy, n\u00ebn\u00ebs amerikane t\u00eb akuzuar p\u00ebr vrasjen e tre f\u00ebmij\u00ebve t\u00eb saj. Mbrojtja e saj n\u00eb gjyq mb\u00ebshtetet te problemet e r\u00ebnda t\u00eb sh\u00ebndetit mendor pas lindjes. N\u00eb gjyq diskutohen publikisht diagnoza psikiatrike, medikamente, mendime vet\u00ebvras\u00ebse dhe detaje thell\u00ebsisht private t\u00eb jet\u00ebs s\u00eb saj. Gjykohet vrasja e tre f\u00ebmij\u00ebve.<\/p>\n<p>E megjithat\u00eb, gjyqi \u00ebsht\u00eb publik. Kamerat jan\u00eb n\u00eb sall\u00eb. D\u00ebshmit\u00eb transmetohen. Privat\u00ebsia nuk ekziston n\u00eb nj\u00eb seanc\u00eb shtet\u00ebrore gjykimi.<\/p>\n<p>Nd\u00ebrkoh\u00eb, n\u00eb Shqip\u00ebri, n\u00eb procese me interes t\u00eb jasht\u00ebzakonsh\u00ebm publik, dyert mbyllen dhe kamerat largohen n\u00eb em\u00ebr t\u00eb privat\u00ebsis\u00eb.<\/p>\n<p>Dy realitete. Dy standarde t\u00eb publicitetit t\u00eb drejt\u00ebsis\u00eb.<\/p>\n<p>Atje k\u00ebrkohet t\u00eb mbrohet privat\u00ebsia pa mbyllur drejt\u00ebsin\u00eb. K\u00ebtu, p\u00ebr t\u00eb mbrojtur privat\u00ebsin\u00eb mbyllim drejt\u00ebsin\u00eb.<\/p>\n<p>Ky \u00ebsht\u00eb ndoshta treguesi m\u00eb i qart\u00eb se sa shum\u00eb rrug\u00eb kemi ende p\u00ebr t\u00eb b\u00ebr\u00eb n\u00eb respekt t\u00eb parimit kushtetues t\u00eb publicitetit t\u00eb seanc\u00ebs gjyq\u00ebsore.<\/p>","protected":false},"excerpt":{"rendered":"<p>Avokati mbrojt\u00ebs i kryebashkiakut t\u00eb Tiran\u00ebs, Erion Veliaj, Plarent Ndreca, ka reaguar lidhur me moslejimin e kamerave p\u00ebr t\u00eb transmetuar proceset gjyq\u00ebsore n\u00eb Shqip\u00ebri. Duke b\u00ebr\u00eb nj\u00eb krahasim me rastin e gjyqit t\u00eb Lindsay Clancy, n\u00ebn\u00ebs amerikane q\u00eb akuzohet p\u00ebr vrasjen e tre f\u00ebmij\u00ebve t\u00eb saj, gjyq i cili po transmetohet live n\u00eb SHBA, pavar\u00ebsisht [&hellip;]<\/p>\n","protected":false},"author":0,"featured_media":0,"comment_status":"open","ping_status":"open","sticky":false,"template":"","format":"standard","meta":{"footnotes":""},"categories":[1],"tags":[],"class_list":["post-96831","post","type-post","status-publish","format-standard","hentry","category-uncategorized"],"_links":{"self":[{"href":"https:\/\/zennihost.com\/test\/wp-json\/wp\/v2\/posts\/96831","targetHints":{"allow":["GET"]}}],"collection":[{"href":"https:\/\/zennihost.com\/test\/wp-json\/wp\/v2\/posts"}],"about":[{"href":"https:\/\/zennihost.com\/test\/wp-json\/wp\/v2\/types\/post"}],"replies":[{"embeddable":true,"href":"https:\/\/zennihost.com\/test\/wp-json\/wp\/v2\/comments?post=96831"}],"version-history":[{"count":0,"href":"https:\/\/zennihost.com\/test\/wp-json\/wp\/v2\/posts\/96831\/revisions"}],"wp:attachment":[{"href":"https:\/\/zennihost.com\/test\/wp-json\/wp\/v2\/media?parent=96831"}],"wp:term":[{"taxonomy":"category","embeddable":true,"href":"https:\/\/zennihost.com\/test\/wp-json\/wp\/v2\/categories?post=96831"},{"taxonomy":"post_tag","embeddable":true,"href":"https:\/\/zennihost.com\/test\/wp-json\/wp\/v2\/tags?post=96831"}],"curies":[{"name":"wp","href":"https:\/\/api.w.org\/{rel}","templated":true}]}}