{"id":96830,"date":"2026-08-14T10:48:18","date_gmt":"2026-08-14T10:48:18","guid":{"rendered":"https:\/\/zennihost.com\/test\/2026\/08\/14\/kriza-politike-ne-kosove-pdk-serish-para-deres-se-qeverise-do-te-qendrojme-deri-ne-zhbllokimin-e-institucioneve\/"},"modified":"2026-08-14T10:48:18","modified_gmt":"2026-08-14T10:48:18","slug":"kriza-politike-ne-kosove-pdk-serish-para-deres-se-qeverise-do-te-qendrojme-deri-ne-zhbllokimin-e-institucioneve","status":"publish","type":"post","link":"https:\/\/zennihost.com\/test\/2026\/08\/14\/kriza-politike-ne-kosove-pdk-serish-para-deres-se-qeverise-do-te-qendrojme-deri-ne-zhbllokimin-e-institucioneve\/","title":{"rendered":"Kriza politike n\u00eb Kosov\u00eb, PDK s\u00ebrish para der\u00ebs s\u00eb Qeveris\u00eb: Do t\u00eb q\u00ebndrojm\u00eb deri n\u00eb zhbllokimin e institucioneve"},"content":{"rendered":"<p>Deputet\u00ebt e Partis\u00eb Demokratike t\u00eb Kosov\u00ebs kan\u00eb shkuar para nd\u00ebrtes\u00ebs s\u00eb Qeveris\u00eb s\u00eb Kosov\u00ebs, n\u00eb shenj\u00eb kund\u00ebrshtimi ndaj moskonstituimit t\u00eb Kuvendit t\u00eb Kosov\u00ebs<\/p>\n<p>Sipas tyre, Kurti jasht\u00ebligjsh\u00ebm po e ushtron detyr\u00ebn e kryeministrit n\u00eb detyr\u00eb t\u00eb vendit pas betimit si deputet n\u00eb legjislatur\u00ebn e re t\u00eb Kuvendit t\u00eb Kosov\u00ebs.<\/p>\n<p>\u201cEdhe sot jemi para Qeveris\u00eb p\u00ebr t\u2019i th\u00ebn\u00eb Albin Kurtit dy gj\u00ebra:E para: n\u00eb k\u00ebt\u00eb nd\u00ebrtes\u00eb je uzurpator. E dyta: eja n\u00eb Kuvend q\u00eb ta konstituojm\u00eb at\u00eb. Hape rrug\u00ebn p\u00ebr funksionimin e institucioneve\u201d, shkruhet n\u00eb postimin e PDK-s\u00eb.<\/p>\n<p>Nd\u00ebrkoh\u00eb nj\u00eb dit\u00eb m\u00eb par\u00eb Lidhja Demokratike e Kosov\u00ebs hoqi dor\u00eb nga \u00e7do k\u00ebrkes\u00eb p\u00ebr postin e Presidentit, pjes\u00ebmarrjen n\u00eb qeveri dhe drejtimin e Kuvendit, duke ia l\u00ebn\u00eb L\u00ebvizjes Vet\u00ebvendosje p\u00ebrgjegj\u00ebsin\u00eb p\u00ebr krijimin e institucioneve. Vendimi u b\u00eb publik nga kreu i LDK-s\u00eb, Lumir Abdixhiku, pas mbledhjes s\u00eb Grupit Parlamentar.<\/p>\n<p>Kosova mbetet pa Kuvend t\u00eb konstituuar pas zgjedhjeve t\u00eb parakohshme parlamentare t\u00eb 7 qershorit.<\/p>\n<p>Rezultatet e k\u00ebtyre zgjedhjeve u certifikuan m\u00eb 8 korrik, nd\u00ebrsa afati 30-ditor p\u00ebr konstituimin e Kuvendit p\u00ebrfundoi m\u00eb 7 gusht. Lidhur me k\u00ebt\u00eb afat, 14 organizata joqeveritare iu drejtuar Gjykat\u00ebs Kushtetuese t\u00eb m\u00ebrkur\u00ebn.<\/p>\n<p>Seanca konstituive ishte caktuar t\u00eb niste m\u00eb 6 gusht. Megjithat\u00eb, procesi u nd\u00ebrpre pasi Kurti, n\u00eb cil\u00ebsin\u00eb e kryetarit t\u00eb L\u00ebvizjes Vet\u00ebvendosje, k\u00ebrkoi koh\u00eb shtes\u00eb p\u00ebr diskutime me partit\u00eb politike lidhur me zgjedhjen e presidentit t\u00eb ardhsh\u00ebm.<\/p>\n<p>Kurti argumentoi se konstituimi i Kuvendit pa nj\u00eb marr\u00ebveshje paraprake p\u00ebr presidentin do ta \u00e7onte vendin drejt zgjedhjeve t\u00eb tjera t\u00eb parakohshme.<\/p>","protected":false},"excerpt":{"rendered":"<p>Deputet\u00ebt e Partis\u00eb Demokratike t\u00eb Kosov\u00ebs kan\u00eb shkuar para nd\u00ebrtes\u00ebs s\u00eb Qeveris\u00eb s\u00eb Kosov\u00ebs, n\u00eb shenj\u00eb kund\u00ebrshtimi ndaj moskonstituimit t\u00eb Kuvendit t\u00eb Kosov\u00ebs Sipas tyre, Kurti jasht\u00ebligjsh\u00ebm po e ushtron detyr\u00ebn e kryeministrit n\u00eb detyr\u00eb t\u00eb vendit pas betimit si deputet n\u00eb legjislatur\u00ebn e re t\u00eb Kuvendit t\u00eb Kosov\u00ebs. \u201cEdhe sot jemi para Qeveris\u00eb p\u00ebr [&hellip;]<\/p>\n","protected":false},"author":0,"featured_media":0,"comment_status":"open","ping_status":"open","sticky":false,"template":"","format":"standard","meta":{"footnotes":""},"categories":[1],"tags":[],"class_list":["post-96830","post","type-post","status-publish","format-standard","hentry","category-uncategorized"],"_links":{"self":[{"href":"https:\/\/zennihost.com\/test\/wp-json\/wp\/v2\/posts\/96830","targetHints":{"allow":["GET"]}}],"collection":[{"href":"https:\/\/zennihost.com\/test\/wp-json\/wp\/v2\/posts"}],"about":[{"href":"https:\/\/zennihost.com\/test\/wp-json\/wp\/v2\/types\/post"}],"replies":[{"embeddable":true,"href":"https:\/\/zennihost.com\/test\/wp-json\/wp\/v2\/comments?post=96830"}],"version-history":[{"count":0,"href":"https:\/\/zennihost.com\/test\/wp-json\/wp\/v2\/posts\/96830\/revisions"}],"wp:attachment":[{"href":"https:\/\/zennihost.com\/test\/wp-json\/wp\/v2\/media?parent=96830"}],"wp:term":[{"taxonomy":"category","embeddable":true,"href":"https:\/\/zennihost.com\/test\/wp-json\/wp\/v2\/categories?post=96830"},{"taxonomy":"post_tag","embeddable":true,"href":"https:\/\/zennihost.com\/test\/wp-json\/wp\/v2\/tags?post=96830"}],"curies":[{"name":"wp","href":"https:\/\/api.w.org\/{rel}","templated":true}]}}