{"id":96829,"date":"2026-08-14T10:48:18","date_gmt":"2026-08-14T10:48:18","guid":{"rendered":"https:\/\/zennihost.com\/test\/2026\/08\/14\/a-do-lidhesh-me-ndonje-tjeter-pas-ndarjes-me-ilir-meten-monika-kryemadhi-jo-se-nuk-do-rri-duke-lare-breket-e-tyre\/"},"modified":"2026-08-14T10:48:18","modified_gmt":"2026-08-14T10:48:18","slug":"a-do-lidhesh-me-ndonje-tjeter-pas-ndarjes-me-ilir-meten-monika-kryemadhi-jo-se-nuk-do-rri-duke-lare-breket-e-tyre","status":"publish","type":"post","link":"https:\/\/zennihost.com\/test\/2026\/08\/14\/a-do-lidhesh-me-ndonje-tjeter-pas-ndarjes-me-ilir-meten-monika-kryemadhi-jo-se-nuk-do-rri-duke-lare-breket-e-tyre\/","title":{"rendered":"A do lidhesh me ndonj\u00eb tjet\u00ebr pas ndarjes me Ilir Met\u00ebn? Monika Kryemadhi: Jo, se nuk do rri duke lar\u00eb brek\u00ebt e tyre"},"content":{"rendered":"<p>Monika Kryemadhi ka folur hapur p\u00ebr jet\u00ebn e saj personale dhe mund\u00ebsin\u00eb e nj\u00eb lidhjeje t\u00eb re n\u00eb t\u00eb ardhmen.<\/p>\n<p>Gjat\u00eb nj\u00eb interviste n\u00eb emisionin \u201cPushime On Top\u201d, moderatorja Lei Kraja e pyeti fillimisht se kur kishte qen\u00eb hera e fundit q\u00eb nj\u00eb burr\u00eb kishte gatuar p\u00ebr t\u00eb.<\/p>\n<p>\u201cAsnj\u00ebher\u00eb nuk kan\u00eb gatuar burrat p\u00ebr mua, vet\u00ebm n\u00ebp\u00ebr restorante. N\u00eb fakt, gatuan djali\u201d, u p\u00ebrgjigj Kryemadhi.<\/p>\n<p>Ajo tregoi se djali i saj di t\u00eb gatuaj\u00eb dhe t\u00eb kujdeset p\u00ebr pun\u00ebt e sht\u00ebpis\u00eb, duke e lidhur k\u00ebt\u00eb edhe me eksperienc\u00ebn e jet\u00ebs n\u00eb konvikt.\u201cAta q\u00eb kan\u00eb qen\u00eb n\u00eb konvikt din\u00eb me lar\u00eb, gatuar dhe pastruar\u201d, tha ajo.Por momenti q\u00eb t\u00ebrhoqi m\u00eb shum\u00eb v\u00ebmendjen erdhi kur Lei Kraja e pyeti n\u00ebse e imagjinonte veten n\u00eb t\u00eb ardhmen me nj\u00eb partner n\u00eb krah.\u201cJo, ik mi.<\/p>\n<p>T\u00eb rri duke lar\u00eb brek\u00ebt e t\u00eb tjer\u00ebve\u201d, u p\u00ebrgjigj Kryemadhi me humor.E pyetur s\u00ebrish n\u00ebse e p\u00ebrjashtonte plot\u00ebsisht nj\u00eb partner t\u00eb ri, ajo u tregua e prer\u00eb: \u201cFare\u201d.\u201cJam shum\u00eb mir\u00eb. Zgjohem n\u00eb terezin\u00eb time, i p\u00ebrkushtohem vetes sime\u201d, shtoi Kryemadhi, duke l\u00ebn\u00eb t\u00eb kuptohet se aktualisht ndihet mir\u00eb me jet\u00ebn e saj dhe nuk e sheh nj\u00eb lidhje t\u00eb re si prioritet.<\/p>","protected":false},"excerpt":{"rendered":"<p>Monika Kryemadhi ka folur hapur p\u00ebr jet\u00ebn e saj personale dhe mund\u00ebsin\u00eb e nj\u00eb lidhjeje t\u00eb re n\u00eb t\u00eb ardhmen. Gjat\u00eb nj\u00eb interviste n\u00eb emisionin \u201cPushime On Top\u201d, moderatorja Lei Kraja e pyeti fillimisht se kur kishte qen\u00eb hera e fundit q\u00eb nj\u00eb burr\u00eb kishte gatuar p\u00ebr t\u00eb. \u201cAsnj\u00ebher\u00eb nuk kan\u00eb gatuar burrat p\u00ebr mua, [&hellip;]<\/p>\n","protected":false},"author":0,"featured_media":0,"comment_status":"open","ping_status":"open","sticky":false,"template":"","format":"standard","meta":{"footnotes":""},"categories":[1],"tags":[],"class_list":["post-96829","post","type-post","status-publish","format-standard","hentry","category-uncategorized"],"_links":{"self":[{"href":"https:\/\/zennihost.com\/test\/wp-json\/wp\/v2\/posts\/96829","targetHints":{"allow":["GET"]}}],"collection":[{"href":"https:\/\/zennihost.com\/test\/wp-json\/wp\/v2\/posts"}],"about":[{"href":"https:\/\/zennihost.com\/test\/wp-json\/wp\/v2\/types\/post"}],"replies":[{"embeddable":true,"href":"https:\/\/zennihost.com\/test\/wp-json\/wp\/v2\/comments?post=96829"}],"version-history":[{"count":0,"href":"https:\/\/zennihost.com\/test\/wp-json\/wp\/v2\/posts\/96829\/revisions"}],"wp:attachment":[{"href":"https:\/\/zennihost.com\/test\/wp-json\/wp\/v2\/media?parent=96829"}],"wp:term":[{"taxonomy":"category","embeddable":true,"href":"https:\/\/zennihost.com\/test\/wp-json\/wp\/v2\/categories?post=96829"},{"taxonomy":"post_tag","embeddable":true,"href":"https:\/\/zennihost.com\/test\/wp-json\/wp\/v2\/tags?post=96829"}],"curies":[{"name":"wp","href":"https:\/\/api.w.org\/{rel}","templated":true}]}}