{"id":96827,"date":"2026-08-14T10:48:16","date_gmt":"2026-08-14T10:48:16","guid":{"rendered":"https:\/\/zennihost.com\/test\/2026\/08\/14\/kriza-politike-kurti-iu-ben-thirrje-partive-per-takim-te-diskutojme-emrat-per-presidentin\/"},"modified":"2026-08-14T10:48:16","modified_gmt":"2026-08-14T10:48:16","slug":"kriza-politike-kurti-iu-ben-thirrje-partive-per-takim-te-diskutojme-emrat-per-presidentin","status":"publish","type":"post","link":"https:\/\/zennihost.com\/test\/2026\/08\/14\/kriza-politike-kurti-iu-ben-thirrje-partive-per-takim-te-diskutojme-emrat-per-presidentin\/","title":{"rendered":"Kriza politike\/ Kurti iu b\u00ebn thirrje partive p\u00ebr takim: T\u00eb diskutojm\u00eb emrat p\u00ebr presidentin"},"content":{"rendered":"<p>Kryeministri n\u00eb detyr\u00eb i Kosov\u00ebs, Albin Kurti, ka th\u00ebn\u00eb t\u00eb premten se partit\u00eb politike duhet t\u00eb fillojn\u00eb diskutimet edhe p\u00ebr emrat konkret\u00eb t\u00eb kandidat\u00ebve p\u00ebr presidentin e ardhsh\u00ebm, me q\u00ebllim q\u00eb t\u00eb arrihet nj\u00eb marr\u00ebveshje dhe t\u00eb shmangen zgjedhjet e reja.<\/p>\n<p>\u201cDuhet t\u00eb fillojm\u00eb t\u00eb flasim edhe me emra, sepse po humbim shum\u00eb koh\u00eb, por m\u00eb s\u00eb shumti humbim duke shkuar n\u00eb zgjedhje\u201d, tha Kurti.<\/p>\n<p>Ai tha se presidenti i ardhsh\u00ebm duhet t\u00eb jet\u00eb \u201ckonsensual\u201d, gjith\u00ebp\u00ebrfshir\u00ebs dhe t\u00eb ket\u00eb mb\u00ebshtetje sa m\u00eb t\u00eb gjer\u00eb n\u00eb Kuvend dhe n\u00eb mesin e qytetar\u00ebve.<\/p>\n<p>Kurti b\u00ebri t\u00eb ditur se mbr\u00ebm\u00eb u ka shkruar kryetar\u00ebve t\u00eb PDK-s\u00eb, LDK-s\u00eb dhe Aleanc\u00ebs, duke u k\u00ebrkuar takim p\u00ebr t\u00eb diskutuar p\u00ebr presidentin.<\/p>\n<p>\u201cDuam q\u00eb p\u00ebr k\u00ebt\u00eb t\u00eb merremi vesh paraprakisht n\u00eb m\u00ebnyr\u00eb q\u00eb t\u00eb evitojm\u00eb zgjedhjet\u201d, tha ai.<\/p>\n<p>Ai vler\u00ebsoi se n\u00eb Kosov\u00eb ka \u201cme dhjet\u00ebra\u201d personalitete nga jeta akademike, politike dhe shoq\u00ebrore, p\u00ebrfshir\u00eb persona q\u00eb kan\u00eb kontribuar n\u00eb luft\u00eb dhe n\u00eb shtetnd\u00ebrtim, q\u00eb mund t\u00eb konsiderohen p\u00ebr k\u00ebt\u00eb post.<\/p>\n<p>Deklaratat e Kurtit vijn\u00eb nj\u00eb dit\u00eb pasi LDK-ja njoftoi se t\u00ebrhiqet nga negociatat p\u00ebr poste me LVV-n\u00eb dhe se nuk k\u00ebrkon asnj\u00eb pozit\u00eb institucionale, por do t\u00eb votoj\u00eb p\u00ebr nj\u00eb figur\u00eb jopartiake p\u00ebr president.<\/p>\n<p>Nd\u00ebrkoh\u00eb, PDK-ja dhe AAK-ja q\u00ebndruan edhe t\u00eb premten n\u00eb sall\u00ebn e Kuvendit, duke k\u00ebrkuar vazhdimin e seanc\u00ebs konstituive, ndon\u00ebse p\u00ebr sot nuk \u00ebsht\u00eb thirrur seanc\u00eb.<\/p>\n<p>Ata po k\u00ebrkojn\u00eb q\u00eb t\u00eb vazhdoj\u00eb seanca konstituive e Kuvendit, e cila ka mbetur e nd\u00ebrprer\u00eb n\u00eb kuad\u00ebr t\u00eb p\u00ebrpjekjeve p\u00ebr konstituimin e legjislatur\u00ebs s\u00eb re.<\/p>\n<p>\u201cLVV-ja e ka kaluar nj\u00eb kufi q\u00eb nuk \u00ebsht\u00eb dashur ta kalojn\u00eb kurr\u00eb. Ata q\u00ebllimsh\u00ebm e kan\u00eb shkelur afatin kushtetues p\u00ebr konstituimin e Kuvendit\u201d, tha kryetari i PDK-s\u00eb, Bedri Hamza, n\u00eb foltoren e Kuvendit.<\/p>\n<p>PDK-ja dhe Aleanca kan\u00eb q\u00ebndruar n\u00eb Kuvend edhe gjat\u00eb dit\u00ebve t\u00eb kaluara, duke k\u00ebrkuar q\u00eb puna e Kuvendit t\u00eb vazhdoj\u00eb, nd\u00ebrsa p\u00ebrplasjet me deputet\u00ebt e L\u00ebvizjes Vet\u00ebvendosje jan\u00eb shoq\u00ebruar edhe me tensione n\u00eb sall\u00eb<strong>.<\/strong><\/p>\n<p>N\u00eb an\u00ebn tjet\u00ebr, L\u00ebvizja Vet\u00ebvendosje ka insistuar se para vazhdimit t\u00eb procedurave p\u00ebr konstituimin e Kuvendit duhet t\u00eb arrihet nj\u00eb marr\u00ebveshje politike p\u00ebr zgjedhjen e presidentit t\u00eb ardhsh\u00ebm. Kriza institucionale n\u00eb Kosov\u00eb po vazhdon prej p\u00ebrplasjes mbi m\u00ebnyr\u00ebn se si duhet t\u00eb procedohet me konstituimin e Kuvendit dhe zgjedhjen e presidentit.<\/p>\n<p>Pas zgjedhjeve t\u00eb 7 qershorit, LVV-ja doli partia e par\u00eb me 53 deputet\u00eb, PDK-ja me 22, LDK-ja me 18 dhe AAK-ja me shtat\u00eb. Zgjedhjet e qershorit u shkaktuan pik\u00ebrisht p\u00ebr \u00e7\u00ebshtjen e presidentit, pasi pal\u00ebt nuk arrit\u00ebn konsensus, pasi Vjosa Osmanit i p\u00ebrfundoi mandati pes\u00ebvje\u00e7ar n\u00eb krye t\u00eb shtetit n\u00eb prill.<\/p>\n<p>LVV-ja e Kurtit ka fituar mandate t\u00eb mjaftueshme p\u00ebr t\u00eb konstituuar Kuvendin dhe p\u00ebr t\u00eb votuar Qeverin\u00eb e re \u2013 duke llogaritur edhe n\u00eb votat e partive t\u00eb minoriteteve joshumic\u00eb. Megjithat\u00eb, p\u00ebr zgjedhjen e presidentit nevojitet prania e 80 deputet\u00ebve n\u00eb Kuvendin me 120 vende q\u00eb votimi p\u00ebr presidentin e Kosov\u00ebs t\u00eb jet\u00eb i vlefsh\u00ebm.\/REL<\/p>\n<p>The post <a href=\"https:\/\/gijotina.com\/negociatat-6\/\">Kriza politike\/ Kurti iu b\u00ebn thirrje partive p\u00ebr takim: T\u00eb diskutojm\u00eb emrat p\u00ebr presidentin<\/a> appeared first on <a href=\"https:\/\/gijotina.com\/\">GIJOTINA<\/a>.<\/p>","protected":false},"excerpt":{"rendered":"<p>Kryeministri n\u00eb detyr\u00eb i Kosov\u00ebs, Albin Kurti, ka th\u00ebn\u00eb t\u00eb premten se partit\u00eb politike duhet t\u00eb fillojn\u00eb diskutimet edhe p\u00ebr emrat konkret\u00eb t\u00eb kandidat\u00ebve p\u00ebr presidentin e ardhsh\u00ebm, me q\u00ebllim q\u00eb t\u00eb arrihet nj\u00eb marr\u00ebveshje dhe t\u00eb shmangen zgjedhjet e reja. \u201cDuhet t\u00eb fillojm\u00eb t\u00eb flasim edhe me emra, sepse po humbim shum\u00eb koh\u00eb, por [&hellip;]<\/p>\n","protected":false},"author":0,"featured_media":0,"comment_status":"open","ping_status":"open","sticky":false,"template":"","format":"standard","meta":{"footnotes":""},"categories":[1],"tags":[],"class_list":["post-96827","post","type-post","status-publish","format-standard","hentry","category-uncategorized"],"_links":{"self":[{"href":"https:\/\/zennihost.com\/test\/wp-json\/wp\/v2\/posts\/96827","targetHints":{"allow":["GET"]}}],"collection":[{"href":"https:\/\/zennihost.com\/test\/wp-json\/wp\/v2\/posts"}],"about":[{"href":"https:\/\/zennihost.com\/test\/wp-json\/wp\/v2\/types\/post"}],"replies":[{"embeddable":true,"href":"https:\/\/zennihost.com\/test\/wp-json\/wp\/v2\/comments?post=96827"}],"version-history":[{"count":0,"href":"https:\/\/zennihost.com\/test\/wp-json\/wp\/v2\/posts\/96827\/revisions"}],"wp:attachment":[{"href":"https:\/\/zennihost.com\/test\/wp-json\/wp\/v2\/media?parent=96827"}],"wp:term":[{"taxonomy":"category","embeddable":true,"href":"https:\/\/zennihost.com\/test\/wp-json\/wp\/v2\/categories?post=96827"},{"taxonomy":"post_tag","embeddable":true,"href":"https:\/\/zennihost.com\/test\/wp-json\/wp\/v2\/tags?post=96827"}],"curies":[{"name":"wp","href":"https:\/\/api.w.org\/{rel}","templated":true}]}}