{"id":96826,"date":"2026-08-14T09:49:13","date_gmt":"2026-08-14T09:49:13","guid":{"rendered":"https:\/\/zennihost.com\/test\/2026\/08\/14\/cili-ka-me-interes-publik-gjyqi-i-nje-nene-me-probleme-te-shendetit-mendor-qe-vrau-3-femijet-e-saj-apo-gjyqi-i-ndaj-nje-zyrtari-publik\/"},"modified":"2026-08-14T09:49:13","modified_gmt":"2026-08-14T09:49:13","slug":"cili-ka-me-interes-publik-gjyqi-i-nje-nene-me-probleme-te-shendetit-mendor-qe-vrau-3-femijet-e-saj-apo-gjyqi-i-ndaj-nje-zyrtari-publik","status":"publish","type":"post","link":"https:\/\/zennihost.com\/test\/2026\/08\/14\/cili-ka-me-interes-publik-gjyqi-i-nje-nene-me-probleme-te-shendetit-mendor-qe-vrau-3-femijet-e-saj-apo-gjyqi-i-ndaj-nje-zyrtari-publik\/","title":{"rendered":"Cili ka m\u00eb interes publik, gjyqi i nj\u00eb n\u00ebne me probleme t\u00eb sh\u00ebndetit mendor q\u00eb vrau 3 f\u00ebmij\u00ebt e saj, apo gjyqi i ndaj nj\u00eb zyrtari publik ?"},"content":{"rendered":"<p>\u00cbsht\u00eb p\u00ebrdorur nj\u00eb argument i thjesht\u00eb kund\u00ebr gazetar\u00ebve q\u00eb kan\u00eb kritikuar rregulloren e re t\u00eb GJKKO-s\u00eb, se pas k\u00ebrkes\u00ebs p\u00ebr m\u00eb shum\u00eb transparenc\u00eb fshihet d\u00ebshira p\u00ebr t\u00eb d\u00ebmtuar drejt\u00ebsin\u00eb dhe p\u00ebr t\u2019i sh\u00ebrbyer nj\u00eb politikani, si Erion Veliaj.<\/p>\n<p>Por kjo m\u00ebnyr\u00eb e paraqitjes s\u00eb debatit shmang pyetjen kryesore, a \u00ebsht\u00eb transparenca nj\u00eb interes i gazetarit apo nj\u00eb e drejt\u00eb e publikut?<br \/>\nN\u00eb SHBA, p\u00ebr shembull, gjyqi i Lindsay Clancy, n\u00ebn\u00ebs s\u00eb akuzuar p\u00ebr vrasjen e tre f\u00ebmij\u00ebve t\u00eb saj, zhvillohet publikisht edhe pse n\u00eb sall\u00eb diskutohen diagnoza psikiatrike, medikamente, mendime vet\u00ebvras\u00ebse dhe detaje jasht\u00ebzakonisht intime t\u00eb jet\u00ebs s\u00eb saj. Disa materiale sensitive kufizohen, por kjo nuk p\u00ebrdoret si arsye p\u00ebr ta b\u00ebr\u00eb t\u00eb paduksh\u00ebm procesin.<\/p>\n<p>At\u00ebher\u00eb pyetja \u00ebsht\u00eb e pashmangshme, n\u00ebse publiku mund t\u00eb ndjek\u00eb nj\u00eb proces kaq t\u00eb ndjesh\u00ebm, pse duhet t\u00eb jet\u00eb m\u00eb pak transparent nj\u00eb gjyq ndaj nj\u00eb zyrtari publik t\u00eb akuzuar p\u00ebr korrupsion me fondet e qytetar\u00ebve?<br \/>\nRasti i Erion Veliajt nuk duhet par\u00eb si \u00e7\u00ebshtje interesi p\u00ebr Veliajn apo kund\u00ebr Veliajt. B\u00ebhet fjal\u00eb p\u00ebr nj\u00eb zyrtar t\u00eb lart\u00eb dhe p\u00ebr akuza q\u00eb lidhen me ushtrimin e pushtetit publik. Kjo e b\u00ebn procesin me interes t\u00eb drejtp\u00ebrdrejt\u00eb p\u00ebr qytetar\u00ebt.<\/p>\n<p>T\u00eb k\u00ebrkosh kamera nuk do t\u00eb thot\u00eb t\u00eb k\u00ebrkosh d\u00ebnimin e t\u00eb pandehurit. Do t\u00eb thot\u00eb t\u00eb k\u00ebrkosh q\u00eb publiku t\u00eb mund t\u00eb shoh\u00eb se si funksionon drejt\u00ebsia.<\/p>\n<p>Kamera nuk duhet t\u00eb z\u00ebvend\u00ebsoj\u00eb gjykat\u00ebn, por as privat\u00ebsia nuk duhet t\u00eb z\u00ebvend\u00ebsoj\u00eb transparenc\u00ebn.<\/p>\n<p>Prandaj debati nuk duhet t\u00eb jet\u00eb: Kujt politikani i intereson publiciteti?<\/p>\n<p>Duhet t\u00eb jet\u00eb: A kemi nj\u00eb drejt\u00ebsi q\u00eb k\u00ebrkon vet\u00ebm t\u00eb besohet, apo nj\u00eb drejt\u00ebsi q\u00eb \u00ebsht\u00eb e gatshme t\u00eb shihet?<\/p>\n<p>Transparenca nuk \u00ebsht\u00eb favor p\u00ebr politikanin, gazetarin apo median. \u00cbsht\u00eb garanci p\u00ebr qytetarin.<\/p>\n<div> <a href=\"https:\/\/www.instagram.com\/reel\/DboQDsbEyFh\/?utm_source=ig_embed&amp;utm_campaign=loading\" target=\"_blank\"> \n<div>\n<div><\/div>\n<div>\n<div><\/div>\n<div><\/div>\n<\/div>\n<\/div>\n<div><\/div>\n<div><\/div>\n<div>\n<div>View this post on Instagram<\/div>\n<\/div>\n<div><\/div>\n<div>\n<div>\n<div><\/div>\n<div><\/div>\n<div><\/div>\n<\/div>\n<div>\n<div><\/div>\n<div><\/div>\n<\/div>\n<div>\n<div><\/div>\n<div><\/div>\n<div><\/div>\n<\/div>\n<\/div>\n<div>\n<div><\/div>\n<div><\/div>\n<\/div>\n<p><\/p><\/a>\n<p><a href=\"https:\/\/www.instagram.com\/reel\/DboQDsbEyFh\/?utm_source=ig_embed&amp;utm_campaign=loading\" target=\"_blank\">A post shared by ABC 7 Chicago (@abc7chicago)<\/a><\/p>\n<\/div>","protected":false},"excerpt":{"rendered":"<p>\u00cbsht\u00eb p\u00ebrdorur nj\u00eb argument i thjesht\u00eb kund\u00ebr gazetar\u00ebve q\u00eb kan\u00eb kritikuar rregulloren e re t\u00eb GJKKO-s\u00eb, se pas k\u00ebrkes\u00ebs p\u00ebr m\u00eb shum\u00eb transparenc\u00eb fshihet d\u00ebshira p\u00ebr t\u00eb d\u00ebmtuar drejt\u00ebsin\u00eb dhe p\u00ebr t\u2019i sh\u00ebrbyer nj\u00eb politikani, si Erion Veliaj. Por kjo m\u00ebnyr\u00eb e paraqitjes s\u00eb debatit shmang pyetjen kryesore, a \u00ebsht\u00eb transparenca nj\u00eb interes i gazetarit [&hellip;]<\/p>\n","protected":false},"author":0,"featured_media":0,"comment_status":"open","ping_status":"open","sticky":false,"template":"","format":"standard","meta":{"footnotes":""},"categories":[1],"tags":[],"class_list":["post-96826","post","type-post","status-publish","format-standard","hentry","category-uncategorized"],"_links":{"self":[{"href":"https:\/\/zennihost.com\/test\/wp-json\/wp\/v2\/posts\/96826","targetHints":{"allow":["GET"]}}],"collection":[{"href":"https:\/\/zennihost.com\/test\/wp-json\/wp\/v2\/posts"}],"about":[{"href":"https:\/\/zennihost.com\/test\/wp-json\/wp\/v2\/types\/post"}],"replies":[{"embeddable":true,"href":"https:\/\/zennihost.com\/test\/wp-json\/wp\/v2\/comments?post=96826"}],"version-history":[{"count":0,"href":"https:\/\/zennihost.com\/test\/wp-json\/wp\/v2\/posts\/96826\/revisions"}],"wp:attachment":[{"href":"https:\/\/zennihost.com\/test\/wp-json\/wp\/v2\/media?parent=96826"}],"wp:term":[{"taxonomy":"category","embeddable":true,"href":"https:\/\/zennihost.com\/test\/wp-json\/wp\/v2\/categories?post=96826"},{"taxonomy":"post_tag","embeddable":true,"href":"https:\/\/zennihost.com\/test\/wp-json\/wp\/v2\/tags?post=96826"}],"curies":[{"name":"wp","href":"https:\/\/api.w.org\/{rel}","templated":true}]}}