{"id":96822,"date":"2026-08-14T09:49:11","date_gmt":"2026-08-14T09:49:11","guid":{"rendered":"https:\/\/zennihost.com\/test\/2026\/08\/14\/zjarri-ne-lure-procedohen-penalisht-shefi-i-monitorimit-dhe-dy-roje-mjedisi\/"},"modified":"2026-08-14T09:49:11","modified_gmt":"2026-08-14T09:49:11","slug":"zjarri-ne-lure-procedohen-penalisht-shefi-i-monitorimit-dhe-dy-roje-mjedisi","status":"publish","type":"post","link":"https:\/\/zennihost.com\/test\/2026\/08\/14\/zjarri-ne-lure-procedohen-penalisht-shefi-i-monitorimit-dhe-dy-roje-mjedisi\/","title":{"rendered":"Zjarri n\u00eb Lur\u00eb\/ Procedohen penalisht shefi i monitorimit dhe dy roje mjedisi"},"content":{"rendered":"<p>Vijojn\u00eb hetimet p\u00ebr zbardhjen e plot\u00eb t\u00eb rrethanave t\u00eb zjarrit q\u00eb p\u00ebrfshiu Parkun Komb\u00ebtar t\u00eb Lur\u00ebs dhe p\u00ebr nxjerrjen p\u00ebrpara p\u00ebrgjegj\u00ebsis\u00eb penale t\u00eb personave q\u00eb dyshohet se kan\u00eb p\u00ebrgjegj\u00ebsi p\u00ebr menaxhimin dhe mbrojtjen e territorit.<\/p>\n<div class=\"ai-viewport-1\">\n<div class=\"code-block code-block-6\">Ka nisur procedimi penal n\u00eb gjendje t\u00eb lir\u00eb p\u00ebr vepr\u00ebn penale \u201cShp\u00ebrdorimi i detyr\u00ebs\u201d ndaj tre personave.<\/div>\n<\/div>\n<p>T\u00eb proceduarit jan\u00eb K. S., 35 vje\u00e7, S. L., 51 vje\u00e7, t\u00eb dy banues n\u00eb Dib\u00ebr, si dhe A. L., 64 vje\u00e7, banues n\u00eb Tiran\u00eb. Dy prej tyre kan\u00eb detyr\u00ebn e rojeve t\u00eb mjedisit, nd\u00ebrsa nj\u00ebri ka qen\u00eb p\u00ebrgjegj\u00ebs p\u00ebr monitorimin e parkut komb\u00ebtar.<\/p>\n<p>Sipas hetimeve, dyshohet se personat n\u00eb fjal\u00eb nuk kan\u00eb marr\u00eb masat e nevojshme p\u00ebr ruajtjen, mbik\u00ebqyrjen dhe mbrojtjen nga zjarri t\u00eb territorit q\u00eb kishin n\u00eb p\u00ebrgjegj\u00ebsi. Si pasoj\u00eb e zjarrit, jan\u00eb d\u00ebmtuar dhe djegur disa hektar\u00eb sip\u00ebrfaqe pyjore.<\/p>\n<p>Nd\u00ebrkoh\u00eb, policia vijon intensivisht hetimet p\u00ebr identifikimin e autorit ose autor\u00ebve t\u00eb zjarrit dhe nxjerrjen e tyre p\u00ebrpara p\u00ebrgjegj\u00ebsis\u00eb penale. Materialet procedurale i jan\u00eb referuar Prokuroris\u00eb s\u00eb Dibr\u00ebs p\u00ebr veprime t\u00eb m\u00ebtejshme.<\/p>\n<p><strong>gijotina.com\/<\/strong><\/p>\n<p>The post <a href=\"https:\/\/gijotina.com\/pergjegjesia\/\">Zjarri n\u00eb Lur\u00eb\/ Procedohen penalisht shefi i monitorimit dhe dy roje mjedisi<\/a> appeared first on <a href=\"https:\/\/gijotina.com\/\">GIJOTINA<\/a>.<\/p>","protected":false},"excerpt":{"rendered":"<p>Vijojn\u00eb hetimet p\u00ebr zbardhjen e plot\u00eb t\u00eb rrethanave t\u00eb zjarrit q\u00eb p\u00ebrfshiu Parkun Komb\u00ebtar t\u00eb Lur\u00ebs dhe p\u00ebr nxjerrjen p\u00ebrpara p\u00ebrgjegj\u00ebsis\u00eb penale t\u00eb personave q\u00eb dyshohet se kan\u00eb p\u00ebrgjegj\u00ebsi p\u00ebr menaxhimin dhe mbrojtjen e territorit. Ka nisur procedimi penal n\u00eb gjendje t\u00eb lir\u00eb p\u00ebr vepr\u00ebn penale \u201cShp\u00ebrdorimi i detyr\u00ebs\u201d ndaj tre personave. T\u00eb proceduarit jan\u00eb [&hellip;]<\/p>\n","protected":false},"author":0,"featured_media":0,"comment_status":"open","ping_status":"open","sticky":false,"template":"","format":"standard","meta":{"footnotes":""},"categories":[1],"tags":[],"class_list":["post-96822","post","type-post","status-publish","format-standard","hentry","category-uncategorized"],"_links":{"self":[{"href":"https:\/\/zennihost.com\/test\/wp-json\/wp\/v2\/posts\/96822","targetHints":{"allow":["GET"]}}],"collection":[{"href":"https:\/\/zennihost.com\/test\/wp-json\/wp\/v2\/posts"}],"about":[{"href":"https:\/\/zennihost.com\/test\/wp-json\/wp\/v2\/types\/post"}],"replies":[{"embeddable":true,"href":"https:\/\/zennihost.com\/test\/wp-json\/wp\/v2\/comments?post=96822"}],"version-history":[{"count":0,"href":"https:\/\/zennihost.com\/test\/wp-json\/wp\/v2\/posts\/96822\/revisions"}],"wp:attachment":[{"href":"https:\/\/zennihost.com\/test\/wp-json\/wp\/v2\/media?parent=96822"}],"wp:term":[{"taxonomy":"category","embeddable":true,"href":"https:\/\/zennihost.com\/test\/wp-json\/wp\/v2\/categories?post=96822"},{"taxonomy":"post_tag","embeddable":true,"href":"https:\/\/zennihost.com\/test\/wp-json\/wp\/v2\/tags?post=96822"}],"curies":[{"name":"wp","href":"https:\/\/api.w.org\/{rel}","templated":true}]}}