{"id":96820,"date":"2026-08-14T09:49:11","date_gmt":"2026-08-14T09:49:11","guid":{"rendered":"https:\/\/zennihost.com\/test\/2026\/08\/14\/ekstradimi-i-qytetares-turke-julide-jazici-kerkon-ne-apel-arrest-shtepie\/"},"modified":"2026-08-14T09:49:11","modified_gmt":"2026-08-14T09:49:11","slug":"ekstradimi-i-qytetares-turke-julide-jazici-kerkon-ne-apel-arrest-shtepie","status":"publish","type":"post","link":"https:\/\/zennihost.com\/test\/2026\/08\/14\/ekstradimi-i-qytetares-turke-julide-jazici-kerkon-ne-apel-arrest-shtepie\/","title":{"rendered":"Ekstradimi i qytetares turke, Julide Jazici k\u00ebrkon n\u00eb Apel \u201carrest sht\u00ebpie\u201d"},"content":{"rendered":"<p>Mbrojtja ligjore e 32-vje\u00e7ares turke Julide Yazici po p\u00ebrgatit hapat e radh\u00ebs n\u00eb gjykat\u00eb, ku dit\u00ebn e h\u00ebn\u00eb do t\u00eb dor\u00ebzoj\u00eb zyrtarisht ankimin n\u00eb Gjykat\u00ebn e Apelit p\u00ebr z\u00ebvend\u00ebsimin e mas\u00ebs s\u00eb siguris\u00eb nga \u201carrest me burg\u201d n\u00eb \u201carrest sht\u00ebpie\u201d.<\/p>\n<p>Ky zhvillim vjen pasi Gjykata e Tiran\u00ebs vendosi m\u00eb par\u00eb mas\u00ebn e paraburgimit ndaj saj, me q\u00ebllim ekstradimin drejt Turqis\u00eb. Yazici u ndalua nga autoritetet n\u00eb aeroportin e Rinasit, pasi ishte shpallur n\u00eb k\u00ebrkim nd\u00ebrkomb\u00ebtar nga Interpol Ankaraja.<\/p>\n<p>Ajo rezultuje e d\u00ebnuar nga drejt\u00ebsia turke me 4 vjet burgim p\u00ebr akuzat e \u201cpjes\u00ebmarrjes n\u00eb organizat\u00eb terroriste\u201d dhe \u201cdh\u00ebnies s\u00eb ndihm\u00ebs logjistike\u201d, nga t\u00eb cilat i kan\u00eb mbetur p\u00ebr t\u00eb vuajtur edhe 3 vjet, 5 muaj e 22 dit\u00eb burg.<\/p>\n<p>Nd\u00ebrkoh\u00eb, gjat\u00eb q\u00ebndrimit n\u00eb paraburgim, ajo \u00ebsht\u00eb vizituar nga p\u00ebrfaq\u00ebsues t\u00eb Komitetit Shqiptar t\u00eb Helsinkit, t\u00eb cil\u00ebt po ndjekin nga af\u00ebr situat\u00ebn p\u00ebr t\u00eb garantuar respektimin e t\u00eb drejtave t\u00eb saj gjat\u00eb gjith\u00eb procedurave ligjore.<\/p>\n<p><strong>gijotina.com\/<\/strong><\/p>\n<p>The post <a href=\"https:\/\/gijotina.com\/ankim\/\">Ekstradimi i qytetares turke, Julide Jazici k\u00ebrkon n\u00eb Apel \u201carrest sht\u00ebpie\u201d<\/a> appeared first on <a href=\"https:\/\/gijotina.com\/\">GIJOTINA<\/a>.<\/p>","protected":false},"excerpt":{"rendered":"<p>Mbrojtja ligjore e 32-vje\u00e7ares turke Julide Yazici po p\u00ebrgatit hapat e radh\u00ebs n\u00eb gjykat\u00eb, ku dit\u00ebn e h\u00ebn\u00eb do t\u00eb dor\u00ebzoj\u00eb zyrtarisht ankimin n\u00eb Gjykat\u00ebn e Apelit p\u00ebr z\u00ebvend\u00ebsimin e mas\u00ebs s\u00eb siguris\u00eb nga \u201carrest me burg\u201d n\u00eb \u201carrest sht\u00ebpie\u201d. Ky zhvillim vjen pasi Gjykata e Tiran\u00ebs vendosi m\u00eb par\u00eb mas\u00ebn e paraburgimit ndaj saj, [&hellip;]<\/p>\n","protected":false},"author":0,"featured_media":0,"comment_status":"open","ping_status":"open","sticky":false,"template":"","format":"standard","meta":{"footnotes":""},"categories":[1],"tags":[],"class_list":["post-96820","post","type-post","status-publish","format-standard","hentry","category-uncategorized"],"_links":{"self":[{"href":"https:\/\/zennihost.com\/test\/wp-json\/wp\/v2\/posts\/96820","targetHints":{"allow":["GET"]}}],"collection":[{"href":"https:\/\/zennihost.com\/test\/wp-json\/wp\/v2\/posts"}],"about":[{"href":"https:\/\/zennihost.com\/test\/wp-json\/wp\/v2\/types\/post"}],"replies":[{"embeddable":true,"href":"https:\/\/zennihost.com\/test\/wp-json\/wp\/v2\/comments?post=96820"}],"version-history":[{"count":0,"href":"https:\/\/zennihost.com\/test\/wp-json\/wp\/v2\/posts\/96820\/revisions"}],"wp:attachment":[{"href":"https:\/\/zennihost.com\/test\/wp-json\/wp\/v2\/media?parent=96820"}],"wp:term":[{"taxonomy":"category","embeddable":true,"href":"https:\/\/zennihost.com\/test\/wp-json\/wp\/v2\/categories?post=96820"},{"taxonomy":"post_tag","embeddable":true,"href":"https:\/\/zennihost.com\/test\/wp-json\/wp\/v2\/tags?post=96820"}],"curies":[{"name":"wp","href":"https:\/\/api.w.org\/{rel}","templated":true}]}}