{"id":96815,"date":"2026-08-14T08:48:18","date_gmt":"2026-08-14T08:48:18","guid":{"rendered":"https:\/\/zennihost.com\/test\/2026\/08\/14\/kruje-dy-vatra-zjarri-vazhdojne-akoma-mbi-lagjen-abaze-rama-poston-video-me-turiste\/"},"modified":"2026-08-14T08:48:18","modified_gmt":"2026-08-14T08:48:18","slug":"kruje-dy-vatra-zjarri-vazhdojne-akoma-mbi-lagjen-abaze-rama-poston-video-me-turiste","status":"publish","type":"post","link":"https:\/\/zennihost.com\/test\/2026\/08\/14\/kruje-dy-vatra-zjarri-vazhdojne-akoma-mbi-lagjen-abaze-rama-poston-video-me-turiste\/","title":{"rendered":"Kruj\u00eb\/ Dy vatra zjarri vazhdojn\u00eb akoma mbi lagjen Abaze, Rama poston video me turist\u00eb"},"content":{"rendered":"<p>N\u00eb Kruj\u00eb jan\u00eb raportuar se vazhdojne ende dy vatra zjarri, n\u00eb zon\u00ebn mbi lagjen Abaze, nd\u00ebrsa ka nisur nd\u00ebrhyrja p\u00ebr shuarjen e tyre.<\/p>\n<p>Sipas Bashkis\u00eb Kruj\u00eb, gjat\u00eb dit\u00ebs s\u00eb sotme do t\u00eb nd\u00ebrhyhet edhe n\u00eb zon\u00ebn pyjore, me q\u00ebllim shuarjen e plot\u00eb t\u00eb vatrave t\u00eb mbetura, si dhe parandalimin e riaktivizimit t\u00eb vatrave t\u00eb tjera.<\/p>\n<p>Aktualisht, situata nuk paraqet rrezik p\u00ebr banor\u00ebt apo zonat e banuara. Megjithat\u00eb, autoritetet e konsiderojn\u00eb situat\u00ebn t\u00eb paparashikueshme dhe vijojn\u00eb monitorimin n\u00eb terren p\u00ebr t\u00eb shmangur p\u00ebrhapjen e zjarrit.<\/p>\n<div class=\"adGroupWrapper\">\n<div class=\"adGroupWrapperInner\">\n<div class=\"oneAdBlock\">\n<div>Nderkaq, Kryeministri Edi Rama ka nj\u00eb tjeter panorame per Krujen. Ai ka ndar\u00eb n\u00eb rrjetet sociale pamje nga Muzeu \u201cGjergj Kastrioti Sk\u00ebnderbeu\u201d n\u00eb Kruj\u00eb, duke v\u00ebn\u00eb n\u00eb pah numrin e turist\u00ebve q\u00eb po vizitojn\u00eb qytetin historik.<\/div>\n<div>\n<p>N\u00eb nj\u00eb postim n\u00eb Facebook, Rama shkruan: \u201cDhe me k\u00ebt\u00eb atmosfer\u00eb turist\u00ebsh n\u00eb Muzeun \u2018Gjergj Kastrioti Sk\u00ebnderbeu\u2019 n\u00eb Kruj\u00eb, ju uroj nj\u00eb dit\u00eb t\u00eb mbar\u00eb\u201d.<\/p>\n<p>P\u00ebrmes postimit, kryeministri ka p\u00ebrcjell\u00eb atmosfer\u00ebn e krijuar nga turist\u00ebt n\u00eb nj\u00eb prej destinacioneve m\u00eb t\u00eb vizituara kulturore dhe historike t\u00eb vendit. Ne videon e tij qielli eshte pa tym.<\/p>\n\n<p><strong>gijotina.com\/<\/strong><\/p>\n<\/div>\n<\/div>\n<\/div>\n<\/div>\n<p>The post <a href=\"https:\/\/gijotina.com\/zjarret-17\/\">Kruj\u00eb\/ Dy vatra zjarri vazhdojn\u00eb akoma mbi lagjen Abaze, Rama poston video me turist\u00eb<\/a> appeared first on <a href=\"https:\/\/gijotina.com\/\">GIJOTINA<\/a>.<\/p>","protected":false},"excerpt":{"rendered":"<p>N\u00eb Kruj\u00eb jan\u00eb raportuar se vazhdojne ende dy vatra zjarri, n\u00eb zon\u00ebn mbi lagjen Abaze, nd\u00ebrsa ka nisur nd\u00ebrhyrja p\u00ebr shuarjen e tyre. Sipas Bashkis\u00eb Kruj\u00eb, gjat\u00eb dit\u00ebs s\u00eb sotme do t\u00eb nd\u00ebrhyhet edhe n\u00eb zon\u00ebn pyjore, me q\u00ebllim shuarjen e plot\u00eb t\u00eb vatrave t\u00eb mbetura, si dhe parandalimin e riaktivizimit t\u00eb vatrave t\u00eb tjera. [&hellip;]<\/p>\n","protected":false},"author":0,"featured_media":0,"comment_status":"open","ping_status":"open","sticky":false,"template":"","format":"standard","meta":{"footnotes":""},"categories":[1],"tags":[],"class_list":["post-96815","post","type-post","status-publish","format-standard","hentry","category-uncategorized"],"_links":{"self":[{"href":"https:\/\/zennihost.com\/test\/wp-json\/wp\/v2\/posts\/96815","targetHints":{"allow":["GET"]}}],"collection":[{"href":"https:\/\/zennihost.com\/test\/wp-json\/wp\/v2\/posts"}],"about":[{"href":"https:\/\/zennihost.com\/test\/wp-json\/wp\/v2\/types\/post"}],"replies":[{"embeddable":true,"href":"https:\/\/zennihost.com\/test\/wp-json\/wp\/v2\/comments?post=96815"}],"version-history":[{"count":0,"href":"https:\/\/zennihost.com\/test\/wp-json\/wp\/v2\/posts\/96815\/revisions"}],"wp:attachment":[{"href":"https:\/\/zennihost.com\/test\/wp-json\/wp\/v2\/media?parent=96815"}],"wp:term":[{"taxonomy":"category","embeddable":true,"href":"https:\/\/zennihost.com\/test\/wp-json\/wp\/v2\/categories?post=96815"},{"taxonomy":"post_tag","embeddable":true,"href":"https:\/\/zennihost.com\/test\/wp-json\/wp\/v2\/tags?post=96815"}],"curies":[{"name":"wp","href":"https:\/\/api.w.org\/{rel}","templated":true}]}}