{"id":96812,"date":"2026-08-14T08:48:16","date_gmt":"2026-08-14T08:48:16","guid":{"rendered":"https:\/\/zennihost.com\/test\/2026\/08\/14\/vendimi-i-qytetareve-memaliaj-ne-proteste-kunder-shkrirjes-se-bashkise\/"},"modified":"2026-08-14T08:48:16","modified_gmt":"2026-08-14T08:48:16","slug":"vendimi-i-qytetareve-memaliaj-ne-proteste-kunder-shkrirjes-se-bashkise","status":"publish","type":"post","link":"https:\/\/zennihost.com\/test\/2026\/08\/14\/vendimi-i-qytetareve-memaliaj-ne-proteste-kunder-shkrirjes-se-bashkise\/","title":{"rendered":"\u201cVendimi i qytetar\u00ebve\u201d, Memaliaj n\u00eb protest\u00eb kund\u00ebr shkrirjes s\u00eb bashkis\u00eb"},"content":{"rendered":"<p>Memaliaj vijon protestat kund\u00ebr reform\u00ebs territoriale t\u00eb propozuar nga qeveria, me qytetar\u00ebt q\u00eb k\u00ebrkojn\u00eb mbrojtjen e identitetit, historis\u00eb dhe interesave t\u00eb komunitetit.<br \/>\nMbr\u00ebmjen e kaluar, n\u00eb sheshin kryesor t\u00eb qytetit, u zhvillua nj\u00eb tjet\u00ebr protest\u00eb, ku pjes\u00ebmarr\u00ebsit shpreh\u00ebn kund\u00ebrshtimin ndaj ndryshimeve territoriale dhe asaj q\u00eb e konsiderojn\u00eb cenim t\u00eb t\u00eb drejtave t\u00eb komuniteteve lokale. Me parullen \u201cVendimi i qytetareve\u201d, protestuesit u mblodhen ne mes te qytetit qe dikur ka qene qender e minatoreve.<\/p>\n<div class=\"ai-viewport-1\">\n<div class=\"code-block code-block-6\">P\u00ebrmes nj\u00eb postimi n\u00eb rrjetet sociale deputeti i PD Tritan Shehu ka deklaruar se protestuesit n\u00eb Memaliaj, por edhe n\u00eb Libohov\u00eb e K\u00eblcyr\u00eb, kan\u00eb p\u00ebrcjell\u00eb dit\u00ebt e fundit t\u00eb nj\u00ebjtin mesazh: vendimet p\u00ebr organizimin territorial duhet t\u00eb respektojn\u00eb identitetin historik, vullnetin dhe interesat e qytetar\u00ebve. Shehu shprehet se ndryshimet e propozuara rrezikojn\u00eb t\u00eb zbehin identitetin dhe historin\u00eb e k\u00ebtyre komuniteteve, nd\u00ebrsa k\u00ebrkohet q\u00eb z\u00ebri i banor\u00ebve t\u00eb merret n\u00eb konsiderat\u00eb p\u00ebrpara \u00e7do vendimi p\u00ebrfundimtar.<\/div>\n<\/div>\n<p>\u201cJo zhdukjes, jo nihilizmit! Memaliaj, Libohova dhe K\u00eblcyra vijojn\u00eb k\u00ebshtu q\u00ebndres\u00ebn e tyre, nd\u00ebrsa qytetar\u00ebt paralajm\u00ebrojn\u00eb se protestat do t\u00eb vazhdojn\u00eb n\u00eb mbrojtje t\u00eb identitetit, historis\u00eb dhe t\u00eb drejtave t\u00eb komuniteteve lokale\u201d, shkruan Shehu.<\/p>\n<div class=\"ai-viewport-1\">\n<div class=\"code-block code-block-7\"><strong>Postimi i plot\u00eb:<\/strong><\/div>\n<\/div>\n<p>\u00a0<\/p>\n<div>Memaliaj, n\u00eb mbrojtje t\u00eb identitetit, historis\u00eb dhe interesave t\u00eb qytetar\u00ebve t\u00eb saj. Antireforma territoriale e Ram\u00ebs p\u00ebrballet me rezistenc\u00ebn popullore! Jo zhdukjes, jo nihilizmit t\u00eb Ram\u00ebs!<\/div>\n<p>\u00a0<\/p>\n<p>Mbr\u00ebm\u00eb, n\u00eb Memaliaj, u zhvillua s\u00ebrish nj\u00eb protest\u00eb, nj\u00eb akt q\u00ebndrese dhe indinjate ndaj asaj q\u00eb qytetar\u00ebt e konsiderojn\u00eb n\u00ebp\u00ebrk\u00ebmbje dhe shkelje t\u00eb demokracis\u00eb, si dhe t\u00eb parimeve europiane p\u00ebr vet\u00ebvendosjen e komuniteteve.<\/p>\n<p>N\u00eb Memaliaj, Libohov\u00eb dhe K\u00eblcyr\u00eb, prej dit\u00ebsh p\u00ebrcillet i nj\u00ebjti mesazh: t\u00eb mbrojm\u00eb identitetin historik, t\u00eb drejtat e qytetar\u00ebve dhe at\u00eb q\u00eb u takon atyre, si n\u00eb \u00e7do vend demokratik.<br \/>\nPor, sipas protestuesve, n\u00eb kushtet e nj\u00eb qeverisjeje q\u00eb ata e cil\u00ebsojn\u00eb autokratike, mbrojtja e k\u00ebtyre t\u00eb drejtave k\u00ebrkon q\u00ebndres\u00eb, p\u00ebrballje dhe pjes\u00ebmarrje popullore.<\/p>\n<p>Dhe k\u00ebt\u00eb po b\u00ebn Memaliaj prej jav\u00ebsh. K\u00ebt\u00eb e d\u00ebshmoi edhe mbr\u00ebm\u00eb, n\u00eb sheshin kryesor t\u00eb qytetit, p\u00ebrball\u00eb bashkis\u00eb s\u00eb tij.<br \/>\nT\u00eb nj\u00ebjt\u00ebn q\u00ebndres\u00eb po e shfaqin edhe qytetar\u00ebt e Libohov\u00ebs dhe K\u00eblcyr\u00ebs.<\/p>\n<p>Vet\u00ebm q\u00ebndresa mund t\u2019i mposht\u00eb k\u00ebto vendime cinike dhe arbitrare, q\u00eb, sipas protestuesve, synojn\u00eb t\u00eb zhb\u00ebjn\u00eb historin\u00eb, vlerat dhe identitetin e komuniteteve.<br \/>\nPor tani duhet th\u00ebn\u00eb me z\u00eb t\u00eb lart\u00eb: Mjaft m\u00eb!<\/p>\n<p><strong>gijotina.com\/<\/strong><\/p>\n<p>The post <a href=\"https:\/\/gijotina.com\/protesta-180\/\">\u201cVendimi i qytetar\u00ebve\u201d, Memaliaj n\u00eb protest\u00eb kund\u00ebr shkrirjes s\u00eb bashkis\u00eb<\/a> appeared first on <a href=\"https:\/\/gijotina.com\/\">GIJOTINA<\/a>.<\/p>","protected":false},"excerpt":{"rendered":"<p>Memaliaj vijon protestat kund\u00ebr reform\u00ebs territoriale t\u00eb propozuar nga qeveria, me qytetar\u00ebt q\u00eb k\u00ebrkojn\u00eb mbrojtjen e identitetit, historis\u00eb dhe interesave t\u00eb komunitetit. Mbr\u00ebmjen e kaluar, n\u00eb sheshin kryesor t\u00eb qytetit, u zhvillua nj\u00eb tjet\u00ebr protest\u00eb, ku pjes\u00ebmarr\u00ebsit shpreh\u00ebn kund\u00ebrshtimin ndaj ndryshimeve territoriale dhe asaj q\u00eb e konsiderojn\u00eb cenim t\u00eb t\u00eb drejtave t\u00eb komuniteteve lokale. Me [&hellip;]<\/p>\n","protected":false},"author":0,"featured_media":0,"comment_status":"open","ping_status":"open","sticky":false,"template":"","format":"standard","meta":{"footnotes":""},"categories":[1],"tags":[],"class_list":["post-96812","post","type-post","status-publish","format-standard","hentry","category-uncategorized"],"_links":{"self":[{"href":"https:\/\/zennihost.com\/test\/wp-json\/wp\/v2\/posts\/96812","targetHints":{"allow":["GET"]}}],"collection":[{"href":"https:\/\/zennihost.com\/test\/wp-json\/wp\/v2\/posts"}],"about":[{"href":"https:\/\/zennihost.com\/test\/wp-json\/wp\/v2\/types\/post"}],"replies":[{"embeddable":true,"href":"https:\/\/zennihost.com\/test\/wp-json\/wp\/v2\/comments?post=96812"}],"version-history":[{"count":0,"href":"https:\/\/zennihost.com\/test\/wp-json\/wp\/v2\/posts\/96812\/revisions"}],"wp:attachment":[{"href":"https:\/\/zennihost.com\/test\/wp-json\/wp\/v2\/media?parent=96812"}],"wp:term":[{"taxonomy":"category","embeddable":true,"href":"https:\/\/zennihost.com\/test\/wp-json\/wp\/v2\/categories?post=96812"},{"taxonomy":"post_tag","embeddable":true,"href":"https:\/\/zennihost.com\/test\/wp-json\/wp\/v2\/tags?post=96812"}],"curies":[{"name":"wp","href":"https:\/\/api.w.org\/{rel}","templated":true}]}}