{"id":96810,"date":"2026-08-14T07:48:17","date_gmt":"2026-08-14T07:48:17","guid":{"rendered":"https:\/\/zennihost.com\/test\/2026\/08\/14\/parashikimi-i-motit-14-gusht-priten-reshje-me-intensitet-te-ulet-dhe-vranesira-mesatare\/"},"modified":"2026-08-14T07:48:17","modified_gmt":"2026-08-14T07:48:17","slug":"parashikimi-i-motit-14-gusht-priten-reshje-me-intensitet-te-ulet-dhe-vranesira-mesatare","status":"publish","type":"post","link":"https:\/\/zennihost.com\/test\/2026\/08\/14\/parashikimi-i-motit-14-gusht-priten-reshje-me-intensitet-te-ulet-dhe-vranesira-mesatare\/","title":{"rendered":"Parashikimi i motit, 14 gusht\/ Priten reshje me intensitet t\u00eb ul\u00ebt dhe vran\u00ebsira mesatare"},"content":{"rendered":"<p>Dit\u00ebn e Premte vendi yn\u00eb do t\u00eb vijoj\u00eb t\u00eb ndikohet nga thuajse t\u00eb nj\u00ebjtat kushte atmosferike. Moti parashikohet i kthjell\u00ebt, vran\u00ebsira mesatare hera-her\u00ebs deri t\u00eb dendura p\u00ebrgjat\u00eb relieveve malore n\u00eb jug e juglindje n\u00eb or\u00ebt e mesdit\u00ebs e pasdite.<\/p>\n<p>Reshje shiu me intensitet t\u00eb ul\u00ebt n\u00eb pjes\u00ebn m\u00eb t\u00eb madhe t\u00eb territorit shtr\u00ebngata afatshkurtra p\u00ebrgjat\u00eb relieveve malore n\u00eb lindje e juglindje shoq\u00ebruar me shkarkesa elektrike n\u00eb or\u00ebt e mesdit\u00ebs e pasdite von\u00eb.<\/p>\n<p>Era do t\u00eb fryj\u00eb me drejtim veriper\u00ebndim \u2013verilindje me shpejt\u00ebsi mesatare 7 m\/s, p\u00ebrgjat\u00eb vij\u00ebs bregdetare at\u00eb veriper\u00ebndimor\u00eb dhe zonave luginore era do t\u00eb arrij\u00eb shpejt\u00ebsi deri n\u00eb 16 m\/s.<\/p>\n<p>Val\u00ebzim n\u00eb det t\u00eb forc\u00ebs 1-3 ball\u00eb.<\/p>","protected":false},"excerpt":{"rendered":"<p>Dit\u00ebn e Premte vendi yn\u00eb do t\u00eb vijoj\u00eb t\u00eb ndikohet nga thuajse t\u00eb nj\u00ebjtat kushte atmosferike. Moti parashikohet i kthjell\u00ebt, vran\u00ebsira mesatare hera-her\u00ebs deri t\u00eb dendura p\u00ebrgjat\u00eb relieveve malore n\u00eb jug e juglindje n\u00eb or\u00ebt e mesdit\u00ebs e pasdite. Reshje shiu me intensitet t\u00eb ul\u00ebt n\u00eb pjes\u00ebn m\u00eb t\u00eb madhe t\u00eb territorit shtr\u00ebngata afatshkurtra p\u00ebrgjat\u00eb [&hellip;]<\/p>\n","protected":false},"author":0,"featured_media":0,"comment_status":"open","ping_status":"open","sticky":false,"template":"","format":"standard","meta":{"footnotes":""},"categories":[1],"tags":[],"class_list":["post-96810","post","type-post","status-publish","format-standard","hentry","category-uncategorized"],"_links":{"self":[{"href":"https:\/\/zennihost.com\/test\/wp-json\/wp\/v2\/posts\/96810","targetHints":{"allow":["GET"]}}],"collection":[{"href":"https:\/\/zennihost.com\/test\/wp-json\/wp\/v2\/posts"}],"about":[{"href":"https:\/\/zennihost.com\/test\/wp-json\/wp\/v2\/types\/post"}],"replies":[{"embeddable":true,"href":"https:\/\/zennihost.com\/test\/wp-json\/wp\/v2\/comments?post=96810"}],"version-history":[{"count":0,"href":"https:\/\/zennihost.com\/test\/wp-json\/wp\/v2\/posts\/96810\/revisions"}],"wp:attachment":[{"href":"https:\/\/zennihost.com\/test\/wp-json\/wp\/v2\/media?parent=96810"}],"wp:term":[{"taxonomy":"category","embeddable":true,"href":"https:\/\/zennihost.com\/test\/wp-json\/wp\/v2\/categories?post=96810"},{"taxonomy":"post_tag","embeddable":true,"href":"https:\/\/zennihost.com\/test\/wp-json\/wp\/v2\/tags?post=96810"}],"curies":[{"name":"wp","href":"https:\/\/api.w.org\/{rel}","templated":true}]}}