{"id":96805,"date":"2026-08-14T07:48:14","date_gmt":"2026-08-14T07:48:14","guid":{"rendered":"https:\/\/zennihost.com\/test\/2026\/08\/14\/incident-ne-hapesiren-ajrore-te-letonise-avionet-e-nato-s-rrezojne-dronin-rus\/"},"modified":"2026-08-14T07:48:14","modified_gmt":"2026-08-14T07:48:14","slug":"incident-ne-hapesiren-ajrore-te-letonise-avionet-e-nato-s-rrezojne-dronin-rus","status":"publish","type":"post","link":"https:\/\/zennihost.com\/test\/2026\/08\/14\/incident-ne-hapesiren-ajrore-te-letonise-avionet-e-nato-s-rrezojne-dronin-rus\/","title":{"rendered":"Incident n\u00eb hap\u00ebsir\u00ebn ajrore t\u00eb Letonis\u00eb\/ Avion\u00ebt e NATO-s rr\u00ebzojn\u00eb dronin rus"},"content":{"rendered":"<p>Avion\u00ebt luftarak\u00eb q\u00eb operojn\u00eb n\u00eb kuad\u00ebr t\u00eb misionit t\u00eb NATO-s p\u00ebr Policimin Ajror Baltik kan\u00eb rr\u00ebzuar nj\u00eb \u201cdron t\u00eb huaj\u201d pasi ai hyri n\u00eb hap\u00ebsir\u00ebn ajrore t\u00eb Letonis\u00eb, njoftuan Forcat e Armatosura t\u00eb vendit.<\/p>\n<div class=\"ai-viewport-1\">\n<div class=\"code-block code-block-6\">Sipas autoriteteve letoneze, droni hyri n\u00eb territorin ajror t\u00eb vendit si pasoj\u00eb e nd\u00ebrhyrjes s\u00eb luft\u00ebs elektronike ruse dhe u identifikua mbi rajonin e Balvit, n\u00eb lindje t\u00eb Letonis\u00eb.<\/div>\n<\/div>\n<p>Pas incidentit, ushtria letoneze ka p\u00ebrforcuar nj\u00ebsit\u00eb e mbrojtjes ajrore p\u00ebrgjat\u00eb kufirit lindor dhe ka vijuar monitorimin e hap\u00ebsir\u00ebs ajrore.<\/p>\n<div class=\"ai-viewport-1\">\n<div class=\"code-block code-block-7\">Autoritetet paralajm\u00ebruan se, p\u00ebr sa koh\u00eb q\u00eb lufta e Rusis\u00eb n\u00eb Ukrain\u00eb vazhdon, ekziston mund\u00ebsia q\u00eb dron\u00eb t\u00eb huaj t\u00eb hyjn\u00eb ose t\u2019i afrohen hap\u00ebsir\u00ebs ajrore letoneze.<\/div>\n<\/div>\n<p>\u00a0<\/p>\n<div>Sipas ushtris\u00eb, k\u00ebrc\u00ebnime t\u00eb tjera ajrore u evidentuan n\u00eb komunat Aug\u0161daugava, Prei\u013ci, R\u0113zekne, Balvi dhe Al\u016bksne, por situata n\u00eb k\u00ebto zona \u00ebsht\u00eb normalizuar.<\/div>\n<div>\n<p>Incidenti i fundit vjen n\u00eb nj\u00eb periudh\u00eb kur jan\u00eb shtuar rastet e inkursioneve me dron\u00eb p\u00ebrgjat\u00eb krahut lindor t\u00eb NATO-s. Vendet an\u00ebtare t\u00eb aleanc\u00ebs, ve\u00e7an\u00ebrisht ato n\u00eb kufi me Ukrain\u00ebn dhe Rusin\u00eb, kan\u00eb rritur vigjilenc\u00ebn p\u00ebr shkak t\u00eb rrezikut q\u00eb paraqesin dron\u00ebt e devijuar apo t\u00eb p\u00ebrdorur n\u00eb operacionet ushtarake.<\/p>\n<p>N\u00eb Rumani, avion\u00ebt luftarak\u00eb kan\u00eb rr\u00ebzuar gjat\u00eb muajit korrik tre dron\u00eb brenda tre dit\u00ebsh. Autoritetet rumune kan\u00eb deklaruar se t\u00eb pakt\u00ebn nj\u00eb prej tyre ishte nj\u00eb dron i tipit Shahed, i p\u00ebrdorur nga forcat ruse n\u00eb luft\u00ebn kund\u00ebr Ukrain\u00ebs.<\/p>\n<p>Nd\u00ebrkoh\u00eb, zhyt\u00ebs ushtarak\u00eb rumun\u00eb shkat\u00ebrruan k\u00ebt\u00eb jav\u00eb dy dron\u00eb t\u00eb tipit Gerbera n\u00eb Detin e Zi, pran\u00eb projektit t\u00eb gazit Neptun Deep. Sipas ministrit rumun t\u00eb Mbrojtjes, Radu Miru\u021b\u0103, nd\u00ebrhyrja u krye p\u00ebr t\u00eb garantuar sigurin\u00eb e korridorit detar dhe t\u00eb punimeve pran\u00eb platform\u00ebs s\u00eb gazit.<\/p>\n<p>Edhe Bullgaria dhe Rumania kan\u00eb raportuar s\u00eb fundmi incidente t\u00eb tjera me dron\u00eb. N\u00eb qershor, nj\u00eb dron detar ukrainas shp\u00ebrtheu n\u00eb portin e Konstanc\u00ebs, nd\u00ebrsa nj\u00eb tjet\u00ebr shp\u00ebrtheu pran\u00eb nj\u00eb stacioni kompresor t\u00eb gazsjell\u00ebsit Trans-Ballkanik n\u00eb Bullgari.<\/p>\n<p>NATO ka diskutuar k\u00ebto incidente me aleat\u00ebt e saj, duke shprehur \u201csolidaritetin e plot\u00eb\u201d me vendet e prekura. Aleanca ka faj\u00ebsuar Rusin\u00eb p\u00ebr shkeljet e hap\u00ebsir\u00ebs ajrore dhe ka deklaruar se mbetet e gatshme t\u00eb pengoj\u00eb dhe t\u00eb mbrohet nga \u00e7do agresion.<\/p>\n<p>Rritja e incidenteve me dron\u00eb po shton shqet\u00ebsimet n\u00eb vendet e krahut lindor t\u00eb NATO-s, ku lufta n\u00eb Ukrain\u00eb ka krijuar nj\u00eb situat\u00eb t\u00eb vazhdueshme pasigurie p\u00ebr hap\u00ebsir\u00ebn ajrore dhe infrastruktur\u00ebn kritike.<\/p>\n<p><strong>gijotina.com\/<\/strong><\/p>\n<\/div>\n<p>\u00a0<\/p>\n<p>The post <a href=\"https:\/\/gijotina.com\/letonia\/\">Incident n\u00eb hap\u00ebsir\u00ebn ajrore t\u00eb Letonis\u00eb\/ Avion\u00ebt e NATO-s rr\u00ebzojn\u00eb dronin rus<\/a> appeared first on <a href=\"https:\/\/gijotina.com\/\">GIJOTINA<\/a>.<\/p>","protected":false},"excerpt":{"rendered":"<p>Avion\u00ebt luftarak\u00eb q\u00eb operojn\u00eb n\u00eb kuad\u00ebr t\u00eb misionit t\u00eb NATO-s p\u00ebr Policimin Ajror Baltik kan\u00eb rr\u00ebzuar nj\u00eb \u201cdron t\u00eb huaj\u201d pasi ai hyri n\u00eb hap\u00ebsir\u00ebn ajrore t\u00eb Letonis\u00eb, njoftuan Forcat e Armatosura t\u00eb vendit. Sipas autoriteteve letoneze, droni hyri n\u00eb territorin ajror t\u00eb vendit si pasoj\u00eb e nd\u00ebrhyrjes s\u00eb luft\u00ebs elektronike ruse dhe u identifikua [&hellip;]<\/p>\n","protected":false},"author":0,"featured_media":0,"comment_status":"open","ping_status":"open","sticky":false,"template":"","format":"standard","meta":{"footnotes":""},"categories":[1],"tags":[],"class_list":["post-96805","post","type-post","status-publish","format-standard","hentry","category-uncategorized"],"_links":{"self":[{"href":"https:\/\/zennihost.com\/test\/wp-json\/wp\/v2\/posts\/96805","targetHints":{"allow":["GET"]}}],"collection":[{"href":"https:\/\/zennihost.com\/test\/wp-json\/wp\/v2\/posts"}],"about":[{"href":"https:\/\/zennihost.com\/test\/wp-json\/wp\/v2\/types\/post"}],"replies":[{"embeddable":true,"href":"https:\/\/zennihost.com\/test\/wp-json\/wp\/v2\/comments?post=96805"}],"version-history":[{"count":0,"href":"https:\/\/zennihost.com\/test\/wp-json\/wp\/v2\/posts\/96805\/revisions"}],"wp:attachment":[{"href":"https:\/\/zennihost.com\/test\/wp-json\/wp\/v2\/media?parent=96805"}],"wp:term":[{"taxonomy":"category","embeddable":true,"href":"https:\/\/zennihost.com\/test\/wp-json\/wp\/v2\/categories?post=96805"},{"taxonomy":"post_tag","embeddable":true,"href":"https:\/\/zennihost.com\/test\/wp-json\/wp\/v2\/tags?post=96805"}],"curies":[{"name":"wp","href":"https:\/\/api.w.org\/{rel}","templated":true}]}}