{"id":96802,"date":"2026-08-13T20:48:13","date_gmt":"2026-08-13T20:48:13","guid":{"rendered":"https:\/\/zennihost.com\/test\/2026\/08\/13\/genti-progni-shqiperia-nuk-sherohet-me-fasada-por-me-drejtesi\/"},"modified":"2026-08-13T20:48:13","modified_gmt":"2026-08-13T20:48:13","slug":"genti-progni-shqiperia-nuk-sherohet-me-fasada-por-me-drejtesi","status":"publish","type":"post","link":"https:\/\/zennihost.com\/test\/2026\/08\/13\/genti-progni-shqiperia-nuk-sherohet-me-fasada-por-me-drejtesi\/","title":{"rendered":"Genti Progni: Shqip\u00ebria nuk sh\u00ebrohet me fasada, por me drejt\u00ebsi"},"content":{"rendered":"<p>Genti Progni, gjat\u00eb protest\u00ebs para Kryeministris\u00eb, ngriti shqet\u00ebsimin p\u00ebr padrejt\u00ebsit\u00eb me t\u00eb cilat, sipas tij, p\u00ebrballen qytetar\u00ebt shqiptar\u00eb n\u00eb jet\u00ebn e p\u00ebrditshme.<\/p>\n<p>N\u00eb fjal\u00ebn e tij, Progni solli shembuj nga problemet me pronat, drejt\u00ebsin\u00eb, sh\u00ebndet\u00ebsin\u00eb, pun\u00ebsimin dhe korrupsionin, duke argumentuar se qytetar\u00ebt shpesh detyrohen t\u00eb luftojn\u00eb p\u00ebr t\u00eb drejtat e tyre p\u00ebr vite me radh\u00eb.<\/p>\n<p>\u201cKy vend \u00ebsht\u00eb s\u00ebmur\u00eb nga padrejt\u00ebsit\u00eb\u201d, u shpreh ai, duke sjell\u00eb si shembull familjet q\u00eb presin p\u00ebr dekada p\u00ebr t\u00eb marr\u00eb drejt\u00ebsi p\u00ebr pron\u00ebn e tyre.<\/p>\n<p>Progni foli edhe p\u00ebr v\u00ebshtir\u00ebsit\u00eb e familjeve p\u00ebrball\u00eb sistemit t\u00eb drejt\u00ebsis\u00eb, kostove t\u00eb sh\u00ebndet\u00ebsis\u00eb dhe munges\u00ebs s\u00eb mund\u00ebsive p\u00ebr t\u00eb rinjt\u00eb.<\/p>\n<p>\u201cNj\u00eb i ri diplomohet dhe nuk ka nj\u00eb vend pune, kur nj\u00eb telefonat\u00eb vlen m\u00eb shum\u00eb se diploma e tij. S\u00ebmuresh dhe n\u00eb momentin e v\u00ebshtir\u00eb duhet t\u00eb mendosh se ke nj\u00eb s\u00ebmundje dhe sa kushton\u201d, tha ai.<\/p>\n<p>Ai kritikoi gjithashtu at\u00eb q\u00eb e konsideroi si standard t\u00eb dyfisht\u00eb n\u00eb administrat\u00eb dhe n\u00eb zbatimin e ligjit, duke theksuar se disa qytetar\u00eb p\u00ebrballen me kontrolle dhe detyrime t\u00eb vazhdueshme, nd\u00ebrsa t\u00eb tjer\u00eb, sipas tij, favorizohen p\u00ebrmes lidhjeve.<\/p>\n<p>\u201cKemi normalizuar anormalen. Duhet nj\u00eb mik, nuk gjen drejt\u00ebsi; kjo \u00ebsht\u00eb tragjedia m\u00eb e madhe\u201d, deklaroi Progni.<\/p>\n<p>N\u00eb fund t\u00eb fjal\u00ebs s\u00eb tij, ai theksoi se qytetar\u00ebt nuk k\u00ebrkojn\u00eb privilegje, por respektimin e t\u00eb drejtave themelore.<\/p>\n<p>\u201cNuk k\u00ebrkojm\u00eb favore, privilegje, por elementare. Q\u00eb i drejti t\u00eb mos ket\u00eb frik\u00eb dhe i padrejti t\u00eb mos ket\u00eb pushtet. Shqip\u00ebria nuk sh\u00ebrohet vet\u00ebm me fasada, me pallate, por me drejt\u00ebsi. Dor\u00ebheqje!\u201d p\u00ebrfundoi ai.<\/p>\n<p>The post <a href=\"https:\/\/gijotina.com\/protesta-179\/\">Genti Progni: Shqip\u00ebria nuk sh\u00ebrohet me fasada, por me drejt\u00ebsi<\/a> appeared first on <a href=\"https:\/\/gijotina.com\/\">GIJOTINA<\/a>.<\/p>","protected":false},"excerpt":{"rendered":"<p>Genti Progni, gjat\u00eb protest\u00ebs para Kryeministris\u00eb, ngriti shqet\u00ebsimin p\u00ebr padrejt\u00ebsit\u00eb me t\u00eb cilat, sipas tij, p\u00ebrballen qytetar\u00ebt shqiptar\u00eb n\u00eb jet\u00ebn e p\u00ebrditshme. N\u00eb fjal\u00ebn e tij, Progni solli shembuj nga problemet me pronat, drejt\u00ebsin\u00eb, sh\u00ebndet\u00ebsin\u00eb, pun\u00ebsimin dhe korrupsionin, duke argumentuar se qytetar\u00ebt shpesh detyrohen t\u00eb luftojn\u00eb p\u00ebr t\u00eb drejtat e tyre p\u00ebr vite me radh\u00eb. [&hellip;]<\/p>\n","protected":false},"author":0,"featured_media":0,"comment_status":"open","ping_status":"open","sticky":false,"template":"","format":"standard","meta":{"footnotes":""},"categories":[1],"tags":[],"class_list":["post-96802","post","type-post","status-publish","format-standard","hentry","category-uncategorized"],"_links":{"self":[{"href":"https:\/\/zennihost.com\/test\/wp-json\/wp\/v2\/posts\/96802","targetHints":{"allow":["GET"]}}],"collection":[{"href":"https:\/\/zennihost.com\/test\/wp-json\/wp\/v2\/posts"}],"about":[{"href":"https:\/\/zennihost.com\/test\/wp-json\/wp\/v2\/types\/post"}],"replies":[{"embeddable":true,"href":"https:\/\/zennihost.com\/test\/wp-json\/wp\/v2\/comments?post=96802"}],"version-history":[{"count":0,"href":"https:\/\/zennihost.com\/test\/wp-json\/wp\/v2\/posts\/96802\/revisions"}],"wp:attachment":[{"href":"https:\/\/zennihost.com\/test\/wp-json\/wp\/v2\/media?parent=96802"}],"wp:term":[{"taxonomy":"category","embeddable":true,"href":"https:\/\/zennihost.com\/test\/wp-json\/wp\/v2\/categories?post=96802"},{"taxonomy":"post_tag","embeddable":true,"href":"https:\/\/zennihost.com\/test\/wp-json\/wp\/v2\/tags?post=96802"}],"curies":[{"name":"wp","href":"https:\/\/api.w.org\/{rel}","templated":true}]}}