{"id":96801,"date":"2026-08-13T20:48:12","date_gmt":"2026-08-13T20:48:12","guid":{"rendered":"https:\/\/zennihost.com\/test\/2026\/08\/13\/75-dite-kunder-qeverise-mbyllet-protesta-e-sotme-neser-edhe-diaspora-ne-shesh\/"},"modified":"2026-08-13T20:48:12","modified_gmt":"2026-08-13T20:48:12","slug":"75-dite-kunder-qeverise-mbyllet-protesta-e-sotme-neser-edhe-diaspora-ne-shesh","status":"publish","type":"post","link":"https:\/\/zennihost.com\/test\/2026\/08\/13\/75-dite-kunder-qeverise-mbyllet-protesta-e-sotme-neser-edhe-diaspora-ne-shesh\/","title":{"rendered":"75 dit\u00eb kund\u00ebr qeveris\u00eb, mbyllet protesta e sotme\/ Nes\u00ebr edhe Diaspora n\u00eb shesh"},"content":{"rendered":"<p>\u00cbsht\u00eb mbyllur mbr\u00ebmjen e k\u00ebsaj t\u00eb enjte protesta e 75-t\u00eb radhazi n\u00eb Tiran\u00eb, pas disa or\u00ebsh tubimi dhe marshimi n\u00eb rrug\u00ebt e kryeqytetit.<\/p>\n<p>Tubimi nisi n\u00eb bulevardin \u201cD\u00ebshmor\u00ebt e Kombit\u201d, ku protestuesit shpreh\u00ebn kund\u00ebrshtimin ndaj qeveris\u00eb dhe k\u00ebrkuan dor\u00ebheqjen e kryeministrit Edi Rama.<\/p>\n<p>Pas fjalimeve, qytetar\u00ebt vijuan marshimin n\u00eb disa prej akseve kryesore t\u00eb Tiran\u00ebs, duke shoq\u00ebruar protest\u00ebn me thirrje kund\u00ebr qeveris\u00eb.<\/p>\n<p>N\u00eb p\u00ebrfundim t\u00eb marshimit, protestuesit u shp\u00ebrndan\u00eb pa incidente, duke sh\u00ebnuar mbylljen e dit\u00ebs s\u00eb 75-t\u00eb t\u00eb protestave.<\/p>\n<p>Protestuesit kan\u00eb paralajm\u00ebruar vijimin e tubimeve edhe n\u00eb dit\u00ebt n\u00eb vijim, teksa nes\u00ebr do t\u00eb bashkohet edhe Diaspora.<\/p>\n<p>\u00a0<\/p>\n<p>The post <a href=\"https:\/\/gijotina.com\/mbyllet-protesta-2\/\">75 dit\u00eb kund\u00ebr qeveris\u00eb, mbyllet protesta e sotme\/ Nes\u00ebr edhe Diaspora n\u00eb shesh<\/a> appeared first on <a href=\"https:\/\/gijotina.com\/\">GIJOTINA<\/a>.<\/p>","protected":false},"excerpt":{"rendered":"<p>\u00cbsht\u00eb mbyllur mbr\u00ebmjen e k\u00ebsaj t\u00eb enjte protesta e 75-t\u00eb radhazi n\u00eb Tiran\u00eb, pas disa or\u00ebsh tubimi dhe marshimi n\u00eb rrug\u00ebt e kryeqytetit. Tubimi nisi n\u00eb bulevardin \u201cD\u00ebshmor\u00ebt e Kombit\u201d, ku protestuesit shpreh\u00ebn kund\u00ebrshtimin ndaj qeveris\u00eb dhe k\u00ebrkuan dor\u00ebheqjen e kryeministrit Edi Rama. Pas fjalimeve, qytetar\u00ebt vijuan marshimin n\u00eb disa prej akseve kryesore t\u00eb Tiran\u00ebs, [&hellip;]<\/p>\n","protected":false},"author":0,"featured_media":0,"comment_status":"open","ping_status":"open","sticky":false,"template":"","format":"standard","meta":{"footnotes":""},"categories":[1],"tags":[],"class_list":["post-96801","post","type-post","status-publish","format-standard","hentry","category-uncategorized"],"_links":{"self":[{"href":"https:\/\/zennihost.com\/test\/wp-json\/wp\/v2\/posts\/96801","targetHints":{"allow":["GET"]}}],"collection":[{"href":"https:\/\/zennihost.com\/test\/wp-json\/wp\/v2\/posts"}],"about":[{"href":"https:\/\/zennihost.com\/test\/wp-json\/wp\/v2\/types\/post"}],"replies":[{"embeddable":true,"href":"https:\/\/zennihost.com\/test\/wp-json\/wp\/v2\/comments?post=96801"}],"version-history":[{"count":0,"href":"https:\/\/zennihost.com\/test\/wp-json\/wp\/v2\/posts\/96801\/revisions"}],"wp:attachment":[{"href":"https:\/\/zennihost.com\/test\/wp-json\/wp\/v2\/media?parent=96801"}],"wp:term":[{"taxonomy":"category","embeddable":true,"href":"https:\/\/zennihost.com\/test\/wp-json\/wp\/v2\/categories?post=96801"},{"taxonomy":"post_tag","embeddable":true,"href":"https:\/\/zennihost.com\/test\/wp-json\/wp\/v2\/tags?post=96801"}],"curies":[{"name":"wp","href":"https:\/\/api.w.org\/{rel}","templated":true}]}}