{"id":96799,"date":"2026-08-13T19:48:14","date_gmt":"2026-08-13T19:48:14","guid":{"rendered":"https:\/\/zennihost.com\/test\/2026\/08\/13\/e-ardhmja-e-marreveshjes-se-ohrit-e-ardhmja-jone-e-perbashket\/"},"modified":"2026-08-13T19:48:14","modified_gmt":"2026-08-13T19:48:14","slug":"e-ardhmja-e-marreveshjes-se-ohrit-e-ardhmja-jone-e-perbashket","status":"publish","type":"post","link":"https:\/\/zennihost.com\/test\/2026\/08\/13\/e-ardhmja-e-marreveshjes-se-ohrit-e-ardhmja-jone-e-perbashket\/","title":{"rendered":"E ardhmja e marr\u00ebveshjes s\u00eb Ohrit: E ardhmja jon\u00eb e p\u00ebrbashk\u00ebt"},"content":{"rendered":"<p>Ilir Kulla<\/p>\n<p>Mir\u00ebdita dhe fal\u00ebnderimet e mia t\u00eb sinqerta p\u00ebr organizator\u00ebt p\u00ebr ftes\u00ebn p\u00ebr t\u00eb marr\u00eb pjes\u00eb n\u00eb k\u00ebt\u00eb p\u00ebrkujtim t\u00eb r\u00ebnd\u00ebsish\u00ebm, nj\u00ebzet e pes\u00eb vjet pas atyre dit\u00ebve historike \u2014 dit\u00eb q\u00eb ishin vendimtare jo vet\u00ebm p\u00ebr vendin tuaj, por p\u00ebr t\u00eb gjith\u00eb rajonin ton\u00eb.<\/p>\n<p>Sot, n\u00eb k\u00ebt\u00eb panel, na \u00ebsht\u00eb k\u00ebrkuar t\u00eb flasim p\u00ebr t\u00eb ardhmen e Marr\u00ebveshjes s\u00eb Ohrit dhe p\u00ebr paqen e q\u00ebndrueshme.<\/p>\n<p>Por un\u00eb do ta shtroja pak ndryshe:<\/p>\n<p>Besoj se duhet t\u00eb flasim p\u00ebr t\u00eb ardhmen ton\u00eb t\u00eb p\u00ebrbashk\u00ebt.<\/p>\n<p>Pyetja \u00ebsht\u00eb: \u00c7far\u00eb \u00ebsht\u00eb e ardhmja?<\/p>\n<p>Do ta filloj me nj\u00eb histori t\u00eb nj\u00ebzet e pes\u00eb viteve m\u00eb par\u00eb.<\/p>\n<p>Ndodhesha k\u00ebtu, n\u00eb Shkup, dhe miku im Llazar Elenovski \u2014 i cili m\u00eb von\u00eb u b\u00eb minist\u00ebr dhe ambasador, dhe q\u00eb ka n\u00ebn\u00ebn shqiptare dhe babain maqedonas \u2014 m\u00eb tha:<\/p>\n<p>\u201cShkojm\u00eb t\u00eb pim\u00eb nj\u00eb kafe me Tito Petkovskin.\u201d<\/p>\n<p>N\u00eb vitin 2000, Tito Petkovski kishte kandiduar p\u00ebr President.<\/p>\n<p>Duke diskutuar p\u00ebr situat\u00ebn e v\u00ebshtir\u00eb dhe delikate n\u00eb vend, n\u00eb ato dit\u00eb t\u00eb v\u00ebshtira t\u00eb pranver\u00ebs s\u00eb vitit 2001, ai m\u00eb tha di\u00e7ka q\u00eb m\u00eb ka mbetur n\u00eb kujtes\u00eb:<\/p>\n<p>\u201cE gjith\u00eb kjo \u00ebsht\u00eb absurde. Ta mendosh q\u00eb vitin tjet\u00ebr do t\u00eb ulemi n\u00eb t\u00eb nj\u00ebjtin Parlament dhe n\u00eb t\u00eb nj\u00ebjt\u00ebn Qeveri me ata q\u00eb sot kan\u00eb dal\u00eb n\u00eb mal.\u201d<\/p>\n<p>Parashikimi i Tito Petkovskit ishte jasht\u00ebzakonisht i sakt\u00eb.<\/p>\n<p>Sigurisht, ai nuk hodhi fall. Ishte p\u00ebrvoja e gjat\u00eb e jet\u00ebs dhe e politik\u00ebs q\u00eb e b\u00ebnte realist n\u00eb vler\u00ebsimin e drejtimit q\u00eb mund t\u00eb merrnin ngjarjet.<\/p>\n<p>Prandaj, kur mendoj p\u00ebr t\u00eb ardhmen ton\u00eb t\u00eb p\u00ebrbashk\u00ebt, do t\u2019i referohem di\u00e7kaje q\u00eb e shpjegoj n\u00eb universitet kur m\u00eb ftojn\u00eb p\u00ebr t\u00eb mbajtur leksione.<\/p>\n<p>Sistemet nd\u00ebrkomb\u00ebtare t\u00eb siguris\u00eb mund t\u00eb kuptohen p\u00ebrmes pes\u00eb shtyllave kryesore t\u00eb siguris\u00eb.<\/p>\n<p>E para \u00ebsht\u00eb ekonomia.<\/p>\n<p>M\u00eb kujtohet se rreth dhjet\u00eb vjet m\u00eb par\u00eb \u2014 dhe jam i sigurt se miku im Izet Mexhiti e kujton, sepse kemi qen\u00eb s\u00eb bashku n\u00eb nj\u00eb aktivitet t\u00eb ngjash\u00ebm t\u00eb organizuar at\u00ebher\u00eb nga BDI \u2014 i thash\u00eb Ali Ahmetit:<\/p>\n<p>\u201cI dashur miku im, rinia do t\u00eb shoh\u00eb nga e ardhmja. Rinis\u00eb i duhet shpresa dhe shpres\u00ebn e jep ekonomia.\u201d<\/p>\n<p>Edhe sot mendoj sakt\u00ebsisht t\u00eb nj\u00ebjt\u00ebn gj\u00eb.<\/p>\n<p>Maqedonia e Veriut ka qen\u00eb dikur Republika m\u00eb e varf\u00ebr e ish-Jugosllavis\u00eb. Republika m\u00eb e pasur ishte Sllovenia, e cila sot \u00ebsht\u00eb an\u00ebtare e Bashkimit Evropian.<\/p>\n<p>Dhe, miq, Sllovenia as sot nuk \u00ebsht\u00eb nd\u00ebr ekonomit\u00eb m\u00eb t\u00eb m\u00ebdha t\u00eb Evrop\u00ebs.<\/p>\n<p>Prandaj le ta shtrojm\u00eb pyetjen:<\/p>\n<p>A mund t\u00eb nd\u00ebrtojm\u00eb v\u00ebrtet nj\u00eb t\u00eb ardhme t\u00eb p\u00ebrbashk\u00ebt evropiane me ekonomi t\u00eb dob\u00ebta?<\/p>\n<p>P\u00ebrgjigjja \u00ebsht\u00eb vet\u00ebm nj\u00eb:<\/p>\n<p>Bashk\u00ebpunim i fuqish\u00ebm p\u00ebr t\u00eb forcuar t\u00eb gjitha ekonomit\u00eb tona t\u00eb vogla.<\/p>\n<p>Shtylla e dyt\u00eb \u00ebsht\u00eb sh\u00ebndet\u00ebsia.<\/p>\n<p>M\u00eb kujtohet ajo tragjedi e kobshme kur u dogj spitali modular n\u00eb Tetov\u00eb gjat\u00eb pandemis\u00eb s\u00eb COVID-19.<\/p>\n<p>Vdekja nuk t\u00eb sheh n\u00eb sy dhe nuk t\u00eb pyet n\u00ebse je maqedonas, shqiptar, serb, bullgar apo i ndonj\u00eb komb\u00ebsie tjet\u00ebr.<\/p>\n<p>Ashtu si\u00e7 t\u00eb gjith\u00eb meritojm\u00eb nj\u00eb jet\u00eb t\u00eb mir\u00eb, meritojm\u00eb edhe dinjitet n\u00eb fund t\u00eb jet\u00ebs, kurdo q\u00eb ai moment t\u00eb vij\u00eb.<\/p>\n<p>Prandaj, n\u00ebse flasim p\u00ebr t\u00eb ardhmen evropiane t\u00eb vendit tuaj dhe t\u00eb rajonit ton\u00eb, ajo e ardhme nuk mund t\u00eb ekzistoj\u00eb pa sisteme sh\u00ebndet\u00ebsore t\u00eb nj\u00eb niveli t\u00eb lart\u00eb.<\/p>\n<p>Shtylla e tret\u00eb \u00ebsht\u00eb demografia.<\/p>\n<p>M\u00eb kujtohet nj\u00eb takim me Papa Fran\u00e7eskun, t\u00eb cilin e kam njohur q\u00eb kur ishte Kryepeshkop i Buenos Airesit n\u00eb vitin 2008.<\/p>\n<p>Ai e vuri gishtin drejtp\u00ebrdrejt mbi plag\u00eb kur tha:<\/p>\n<p>\u201cEvrop\u00ebs po i vjen Dimri Demografik.\u201d<\/p>\n<p>Largimi i t\u00eb rinjve, r\u00ebnia e lindjeve dhe ardhja e pun\u00ebtor\u00ebve nga Azia tashm\u00eb jan\u00eb nj\u00eb fenomen gjithnj\u00eb e m\u00eb i duksh\u00ebm n\u00eb t\u00eb gjith\u00eb rajonin ton\u00eb.<\/p>\n<p>M\u00eb lejoni ta them shum\u00eb thjesht.<\/p>\n<p>Kush\u00ebriri im n\u00eb Leskovik nuk po gjen m\u00eb nj\u00eb bari nga rajoni yn\u00eb p\u00ebr t\u00eb kullotur lop\u00ebt e tij \u2014 dhe \u00ebsht\u00eb detyruar t\u00eb sjell\u00eb nj\u00eb pun\u00ebtor nga India.<\/p>\n<p>N\u00ebse nuk duam q\u00eb pasardh\u00ebsit tan\u00eb t\u00eb na gjykojn\u00eb ashp\u00ebr kur t\u00eb vij\u00eb 50-vjetori i Marr\u00ebveshjes s\u00eb Ohrit, duhet nj\u00eb reflektim i thell\u00eb mbi demografin\u00eb.<\/p>\n<p>Shtylla e kat\u00ebrt \u00ebsht\u00eb mjedisi.<\/p>\n<p>\u00c7do vit shohim t\u00eb shkat\u00ebrrohen pyje dhe m\u00eb pas p\u00ebrballemi me katastrofa natyrore me pasoja q\u00eb mund t\u00eb zgjasin p\u00ebr dekada.<\/p>\n<p>N\u00eb Shqip\u00ebri p\u00ebrjetuam nj\u00eb t\u00ebrmet t\u00eb tmerrsh\u00ebm n\u00eb vitin 2019.<\/p>\n<p>Dhe ju k\u00ebtu, n\u00eb Shkup, e dini shum\u00eb mir\u00eb se \u00e7far\u00eb pasojash shkat\u00ebrruese pati t\u00ebrmeti i viteve \u201960.<\/p>\n<p>Prandaj, miq, nuk mund t\u00eb kemi t\u00eb ardhme pa nj\u00eb mjedis t\u00eb sh\u00ebndetsh\u00ebm dhe t\u00eb mbrojtur mir\u00eb.<\/p>\n<p>Nuk mund t\u00eb presim q\u00eb dikush nga Shtetet e Bashkuara t\u00eb Amerik\u00ebs apo nga Rusia t\u00eb vij\u00eb dhe t\u00eb mbroj\u00eb malet tona, pyjet tona, lumenjt\u00eb tan\u00eb dhe liqenet tona t\u00eb bukura.<\/p>\n<p>Duhet t\u2019i mbrojm\u00eb vet\u00eb.<\/p>\n<p>Dhe kjo \u00ebsht\u00eb pjes\u00eb e s\u00eb ardhmes son\u00eb t\u00eb p\u00ebrbashk\u00ebt.<\/p>\n<p>Shtylla e pest\u00eb \u00ebsht\u00eb lufta dhe paqja.<\/p>\n<p>Dhe n\u00ebse nuk duam luft\u00eb, na duhet paqe e q\u00ebndrueshme dhe afatgjat\u00eb.<\/p>\n<p>Por paqja e q\u00ebndrueshme nuk vjen vetvetiu.<\/p>\n<p>Q\u00eb t\u00eb kemi paqe, duhet t\u2019i kemi kat\u00ebr shtyllat e tjera t\u00eb siguris\u00eb n\u00eb mendje \u2014 \u00e7do dit\u00eb dhe \u00e7do or\u00eb \u2014 dhe t\u00eb punojm\u00eb pa u lodhur p\u00ebr t\u00eb ardhmen e f\u00ebmij\u00ebve tan\u00eb.<\/p>\n<p>Jetojm\u00eb n\u00eb nj\u00eb bot\u00eb q\u00eb po ndryshon me shpejt\u00ebsin\u00eb e internetit.<\/p>\n<p>Po hyjm\u00eb n\u00eb nj\u00eb bot\u00eb ku inteligjenca artificiale do t\u00eb jet\u00eb \u00e7do dit\u00eb e m\u00eb shum\u00eb e pranishme n\u00eb jet\u00ebn ton\u00eb.<\/p>\n<p>Dhe n\u00ebse nuk duam q\u00eb historia t\u00eb na gjykoj\u00eb ashp\u00ebr, universitetet tona duhet t\u00eb synojn\u00eb t\u00eb jen\u00eb nd\u00ebr 50 universitetet m\u00eb t\u00eb mira t\u00eb Evrop\u00ebs.<\/p>\n<p>Edhe spitalet tona duhet t\u00eb synojn\u00eb t\u00eb nj\u00ebjtin nivel p\u00ebrsosm\u00ebrie.<\/p>\n<p>Vendet tona \u2014 vende t\u00eb bukura, modeste, por me potencial t\u00eb jasht\u00ebzakonsh\u00ebm \u2014 kan\u00eb \u00e7do mund\u00ebsi t\u00eb b\u00ebhen nd\u00ebr vendet m\u00eb t\u00eb suksesshme t\u00eb k\u00ebsaj pjese t\u00eb Evrop\u00ebs.<\/p>\n<p>Dhe t\u00eb rinjt\u00eb tan\u00eb, si dhe brezat q\u00eb do t\u00eb vijn\u00eb pas tyre, meritojn\u00eb prosperitet, dinjitet dhe siguri.<\/p>\n<p>Do ta mbyll k\u00ebt\u00eb reflektim p\u00ebr t\u00eb ardhmen duke cituar nj\u00eb figur\u00eb t\u00eb shquar evropiane t\u00eb s\u00eb kaluar\u00ebs, ish-Kryeministrin italian Giulio Andreotti, i cili dikur tha:<\/p>\n<p>\u201cP\u00ebrvoja \u00ebsht\u00eb shuma e t\u00eb gjitha zhg\u00ebnjimeve q\u00eb na ka dh\u00ebn\u00eb jeta.\u201d<\/p>\n<p>Dhe ndoshta kjo \u00ebsht\u00eb garancia m\u00eb e madhe p\u00ebr nj\u00eb t\u00eb ardhme me paqe dhe prosperitet:<\/p>\n<p>p\u00ebrvoja q\u00eb kemi fituar \u2014 nj\u00eb p\u00ebrvoj\u00eb q\u00eb vjen edhe nga luft\u00ebrat e dhimbshme dhe t\u00eb p\u00ebrgjakshme t\u00eb ish-Jugosllavis\u00eb.<\/p>\n<p>Ne kemi paguar tashm\u00eb nj\u00eb \u00e7mim shum\u00eb t\u00eb lart\u00eb p\u00ebr m\u00ebsimet e historis\u00eb.<\/p>\n<p>P\u00ebrgjegj\u00ebsia e brezit ton\u00eb \u00ebsht\u00eb t\u00eb sigurohemi q\u00eb brezi i ardhsh\u00ebm t\u00eb mos ket\u00eb nevoj\u00eb t\u00eb paguaj\u00eb p\u00ebrs\u00ebri t\u00eb nj\u00ebjtin \u00e7mim.<\/p>\n<p>Ju faleminderit.<\/p>","protected":false},"excerpt":{"rendered":"<p>Ilir Kulla Mir\u00ebdita dhe fal\u00ebnderimet e mia t\u00eb sinqerta p\u00ebr organizator\u00ebt p\u00ebr ftes\u00ebn p\u00ebr t\u00eb marr\u00eb pjes\u00eb n\u00eb k\u00ebt\u00eb p\u00ebrkujtim t\u00eb r\u00ebnd\u00ebsish\u00ebm, nj\u00ebzet e pes\u00eb vjet pas atyre dit\u00ebve historike \u2014 dit\u00eb q\u00eb ishin vendimtare jo vet\u00ebm p\u00ebr vendin tuaj, por p\u00ebr t\u00eb gjith\u00eb rajonin ton\u00eb. Sot, n\u00eb k\u00ebt\u00eb panel, na \u00ebsht\u00eb k\u00ebrkuar t\u00eb flasim [&hellip;]<\/p>\n","protected":false},"author":0,"featured_media":0,"comment_status":"open","ping_status":"open","sticky":false,"template":"","format":"standard","meta":{"footnotes":""},"categories":[1],"tags":[],"class_list":["post-96799","post","type-post","status-publish","format-standard","hentry","category-uncategorized"],"_links":{"self":[{"href":"https:\/\/zennihost.com\/test\/wp-json\/wp\/v2\/posts\/96799","targetHints":{"allow":["GET"]}}],"collection":[{"href":"https:\/\/zennihost.com\/test\/wp-json\/wp\/v2\/posts"}],"about":[{"href":"https:\/\/zennihost.com\/test\/wp-json\/wp\/v2\/types\/post"}],"replies":[{"embeddable":true,"href":"https:\/\/zennihost.com\/test\/wp-json\/wp\/v2\/comments?post=96799"}],"version-history":[{"count":0,"href":"https:\/\/zennihost.com\/test\/wp-json\/wp\/v2\/posts\/96799\/revisions"}],"wp:attachment":[{"href":"https:\/\/zennihost.com\/test\/wp-json\/wp\/v2\/media?parent=96799"}],"wp:term":[{"taxonomy":"category","embeddable":true,"href":"https:\/\/zennihost.com\/test\/wp-json\/wp\/v2\/categories?post=96799"},{"taxonomy":"post_tag","embeddable":true,"href":"https:\/\/zennihost.com\/test\/wp-json\/wp\/v2\/tags?post=96799"}],"curies":[{"name":"wp","href":"https:\/\/api.w.org\/{rel}","templated":true}]}}