{"id":96798,"date":"2026-08-13T19:48:13","date_gmt":"2026-08-13T19:48:13","guid":{"rendered":"https:\/\/zennihost.com\/test\/2026\/08\/13\/aktori-mehdi-malkaj-rama-eshte-kryearmiku-i-shqiperise-atij-qelbesires-duhet-ti-tregojme-vendin\/"},"modified":"2026-08-13T19:48:13","modified_gmt":"2026-08-13T19:48:13","slug":"aktori-mehdi-malkaj-rama-eshte-kryearmiku-i-shqiperise-atij-qelbesires-duhet-ti-tregojme-vendin","status":"publish","type":"post","link":"https:\/\/zennihost.com\/test\/2026\/08\/13\/aktori-mehdi-malkaj-rama-eshte-kryearmiku-i-shqiperise-atij-qelbesires-duhet-ti-tregojme-vendin\/","title":{"rendered":"Aktori Mehdi Malkaj: Rama \u00ebsht\u00eb kryearmiku i Shqip\u00ebris\u00eb, atij qelb\u00ebsir\u00ebs duhet t\u2019i tregojm\u00eb vendin"},"content":{"rendered":"<p>Aktori i njohur, Mehdi Malkaj, iu drejtua protestuesve t\u00eb mbledhur para Kryeministris\u00eb, duke b\u00ebr\u00eb apel p\u00ebr bashkim teksa ka kritikuar ndarjet politike e krahinore q\u00eb, sipas tij, kan\u00eb p\u00ebr\u00e7ar\u00eb shqiptar\u00ebt.<\/p>\n<p>Malkaj tha se Shqip\u00ebria duhet par\u00eb si nj\u00eb e t\u00ebr\u00eb, nga veriu n\u00eb jug, nd\u00ebrsa ironizoi ndarjen mes \u201catdheut\u201d dhe \u201cm\u00ebmdheut\u201d.<\/p>\n<p>\u201cJemi katandisur si popull. Shqip\u00ebria \u00ebsht\u00eb dhe me n\u00ebn\u00eb dhe me bab\u00eb. Verior\u00ebt i thon\u00eb atdhe, jugor\u00ebt m\u00ebm\u00ebdhe. Kemi n\u00ebn\u00eb dhe bab\u00eb dhe prap\u00eb jemi jetim\u00eb\u201d, tha Malkaj.<\/p>\n<p>Malkaj u b\u00ebri thirrje shqiptar\u00ebve, nga Konispoli deri n\u00eb Tropoj\u00eb, t\u00eb bashkohen dhe t\u00eb mos bien pre e ndarjeve krahinore.<\/p>\n<p>\u201cNe nuk kemi Veri-Jug. Kjo \u00ebsht\u00eb politik\u00eb e shpifur p\u00ebr t\u00eb na p\u00ebr\u00e7ar\u00eb\u201d, u shpreh ai.<\/p>\n<p>N\u00eb fund, Malkaj sulmoi ashp\u00ebr kryeministrin Edi Rama, duke e cil\u00ebsuar at\u00eb si p\u00ebrgjegj\u00ebsin kryesor p\u00ebr situat\u00ebn n\u00eb vend.<\/p>\n<p>\u201cAtij qelb\u00ebsir\u00ebs duhet t\u2019i tregojm\u00eb vendin. Kush \u00ebsht\u00eb ky, more?! Ai \u00ebsht\u00eb kryearmiku i Shqip\u00ebris\u00eb. Nuk ka par\u00eb Shqip\u00ebria armik m\u00eb t\u00eb madh se ai\u201d, tha aktori.<\/p>\n<p>\u00a0<\/p>\n<p>The post <a href=\"https:\/\/gijotina.com\/protesta-177\/\">Aktori Mehdi Malkaj: Rama \u00ebsht\u00eb kryearmiku i Shqip\u00ebris\u00eb, atij qelb\u00ebsir\u00ebs duhet t\u2019i tregojm\u00eb vendin<\/a> appeared first on <a href=\"https:\/\/gijotina.com\/\">GIJOTINA<\/a>.<\/p>","protected":false},"excerpt":{"rendered":"<p>Aktori i njohur, Mehdi Malkaj, iu drejtua protestuesve t\u00eb mbledhur para Kryeministris\u00eb, duke b\u00ebr\u00eb apel p\u00ebr bashkim teksa ka kritikuar ndarjet politike e krahinore q\u00eb, sipas tij, kan\u00eb p\u00ebr\u00e7ar\u00eb shqiptar\u00ebt. Malkaj tha se Shqip\u00ebria duhet par\u00eb si nj\u00eb e t\u00ebr\u00eb, nga veriu n\u00eb jug, nd\u00ebrsa ironizoi ndarjen mes \u201catdheut\u201d dhe \u201cm\u00ebmdheut\u201d. \u201cJemi katandisur si popull. [&hellip;]<\/p>\n","protected":false},"author":0,"featured_media":0,"comment_status":"open","ping_status":"open","sticky":false,"template":"","format":"standard","meta":{"footnotes":""},"categories":[1],"tags":[],"class_list":["post-96798","post","type-post","status-publish","format-standard","hentry","category-uncategorized"],"_links":{"self":[{"href":"https:\/\/zennihost.com\/test\/wp-json\/wp\/v2\/posts\/96798","targetHints":{"allow":["GET"]}}],"collection":[{"href":"https:\/\/zennihost.com\/test\/wp-json\/wp\/v2\/posts"}],"about":[{"href":"https:\/\/zennihost.com\/test\/wp-json\/wp\/v2\/types\/post"}],"replies":[{"embeddable":true,"href":"https:\/\/zennihost.com\/test\/wp-json\/wp\/v2\/comments?post=96798"}],"version-history":[{"count":0,"href":"https:\/\/zennihost.com\/test\/wp-json\/wp\/v2\/posts\/96798\/revisions"}],"wp:attachment":[{"href":"https:\/\/zennihost.com\/test\/wp-json\/wp\/v2\/media?parent=96798"}],"wp:term":[{"taxonomy":"category","embeddable":true,"href":"https:\/\/zennihost.com\/test\/wp-json\/wp\/v2\/categories?post=96798"},{"taxonomy":"post_tag","embeddable":true,"href":"https:\/\/zennihost.com\/test\/wp-json\/wp\/v2\/tags?post=96798"}],"curies":[{"name":"wp","href":"https:\/\/api.w.org\/{rel}","templated":true}]}}