{"id":96797,"date":"2026-08-13T19:48:12","date_gmt":"2026-08-13T19:48:12","guid":{"rendered":"https:\/\/zennihost.com\/test\/2026\/08\/13\/aktisvisti-arben-kola-thirrje-spak-ut-cdo-pushtet-dhe-diktature-nuk-mbijeton-pa-servila-te-gjithe-te-arrestohen\/"},"modified":"2026-08-13T19:48:12","modified_gmt":"2026-08-13T19:48:12","slug":"aktisvisti-arben-kola-thirrje-spak-ut-cdo-pushtet-dhe-diktature-nuk-mbijeton-pa-servila-te-gjithe-te-arrestohen","status":"publish","type":"post","link":"https:\/\/zennihost.com\/test\/2026\/08\/13\/aktisvisti-arben-kola-thirrje-spak-ut-cdo-pushtet-dhe-diktature-nuk-mbijeton-pa-servila-te-gjithe-te-arrestohen\/","title":{"rendered":"Aktisvisti Arben Kola thirrje SPAK-ut: \u00c7do pushtet dhe diktatur\u00eb nuk mbijeton pa servila, t\u00eb gjith\u00eb t\u00eb arrestohen!"},"content":{"rendered":"<p>Aktivisti Arben Kola ka b\u00ebr\u00eb thirrje gjat\u00eb protest\u00ebs p\u00ebr hetimin dhe nd\u00ebshkimin e zyrtar\u00ebve q\u00eb, sipas tij, jan\u00eb p\u00ebrfshir\u00eb n\u00eb korrupsion.<\/p>\n<p>Ai iu drejtua edhe SPAK-ut, t\u00eb cilin e cil\u00ebsoi si nj\u00eb nga institucionet ku shqiptar\u00ebt vazhdojn\u00eb t\u00eb ken\u00eb besim, se duhet t\u00eb veproj\u00eb ndaj personave q\u00eb jan\u00eb p\u00ebrgjegj\u00ebs p\u00ebr korrupsion dhe abuzim me pushtetin.<\/p>\n<p>Sipas tij, ka ardhur koha q\u00eb pushtetar\u00ebt t\u00eb arrestohen dhe prokuror\u00ebt e SPAK t\u00eb mos ken\u00eb frik\u00eb dhe n\u00ebse kan\u00eb frik\u00eb, ai tha se \u201cka plot djem me shkollim t\u00eb duhur q\u00eb jan\u00eb gati t\u2019i k\u00ebrcasin prangat k\u00ebtyre tradhtar\u00ebve\u201d.<\/p>\n<p>\u201c\u00c7do pushtet dhe diktatur\u00eb nuk mbijeton pa servila dhe zagar\u00eb. K\u00ebshtu q\u00eb ju ka ardhur ora q\u00eb t\u00eb gjith\u00eb t\u00eb arrestohen dhe nj\u00eb thirrje shkon p\u00ebr SPAK, si i vetmi institucion ku shqiptar\u00ebt vazhdojn\u00eb akoma t\u00eb ken\u00eb besim.<\/p>\n<p>Me rroga t\u00eb majme 9 mij\u00eb euroshe n\u00eb muaj, 10 mij\u00eb e 15\u00a0 mij\u00eb, ata vazhdojn\u00eb t\u00eb flen\u00eb mbi dosjet e korrupsionit. N\u00eb rast se ju keni frik\u00eb t\u00eb arrestoni tradhtar\u00ebt dhe mafiozet, ka plot djem me shkollim t\u00eb duhur q\u00eb jan\u00eb gati ti k\u00ebrcasin prangat k\u00ebtyre tradhtar\u00ebve\u201d, tha Kola.<\/p>\n<p><strong>\u00a0<\/strong><\/p>\n<p>The post <a href=\"https:\/\/gijotina.com\/protesta-178\/\">Aktisvisti Arben Kola thirrje SPAK-ut: \u00c7do pushtet dhe diktatur\u00eb nuk mbijeton pa servila, t\u00eb gjith\u00eb t\u00eb arrestohen!<\/a> appeared first on <a href=\"https:\/\/gijotina.com\/\">GIJOTINA<\/a>.<\/p>","protected":false},"excerpt":{"rendered":"<p>Aktivisti Arben Kola ka b\u00ebr\u00eb thirrje gjat\u00eb protest\u00ebs p\u00ebr hetimin dhe nd\u00ebshkimin e zyrtar\u00ebve q\u00eb, sipas tij, jan\u00eb p\u00ebrfshir\u00eb n\u00eb korrupsion. Ai iu drejtua edhe SPAK-ut, t\u00eb cilin e cil\u00ebsoi si nj\u00eb nga institucionet ku shqiptar\u00ebt vazhdojn\u00eb t\u00eb ken\u00eb besim, se duhet t\u00eb veproj\u00eb ndaj personave q\u00eb jan\u00eb p\u00ebrgjegj\u00ebs p\u00ebr korrupsion dhe abuzim me pushtetin. [&hellip;]<\/p>\n","protected":false},"author":0,"featured_media":0,"comment_status":"open","ping_status":"open","sticky":false,"template":"","format":"standard","meta":{"footnotes":""},"categories":[1],"tags":[],"class_list":["post-96797","post","type-post","status-publish","format-standard","hentry","category-uncategorized"],"_links":{"self":[{"href":"https:\/\/zennihost.com\/test\/wp-json\/wp\/v2\/posts\/96797","targetHints":{"allow":["GET"]}}],"collection":[{"href":"https:\/\/zennihost.com\/test\/wp-json\/wp\/v2\/posts"}],"about":[{"href":"https:\/\/zennihost.com\/test\/wp-json\/wp\/v2\/types\/post"}],"replies":[{"embeddable":true,"href":"https:\/\/zennihost.com\/test\/wp-json\/wp\/v2\/comments?post=96797"}],"version-history":[{"count":0,"href":"https:\/\/zennihost.com\/test\/wp-json\/wp\/v2\/posts\/96797\/revisions"}],"wp:attachment":[{"href":"https:\/\/zennihost.com\/test\/wp-json\/wp\/v2\/media?parent=96797"}],"wp:term":[{"taxonomy":"category","embeddable":true,"href":"https:\/\/zennihost.com\/test\/wp-json\/wp\/v2\/categories?post=96797"},{"taxonomy":"post_tag","embeddable":true,"href":"https:\/\/zennihost.com\/test\/wp-json\/wp\/v2\/tags?post=96797"}],"curies":[{"name":"wp","href":"https:\/\/api.w.org\/{rel}","templated":true}]}}