{"id":96794,"date":"2026-08-13T18:48:16","date_gmt":"2026-08-13T18:48:16","guid":{"rendered":"https:\/\/zennihost.com\/test\/2026\/08\/13\/zyrtare-blerim-kotobelli-u-largua-nga-teuta-rikthehet-te-klubi-i-flamurtarit\/"},"modified":"2026-08-13T18:48:16","modified_gmt":"2026-08-13T18:48:16","slug":"zyrtare-blerim-kotobelli-u-largua-nga-teuta-rikthehet-te-klubi-i-flamurtarit","status":"publish","type":"post","link":"https:\/\/zennihost.com\/test\/2026\/08\/13\/zyrtare-blerim-kotobelli-u-largua-nga-teuta-rikthehet-te-klubi-i-flamurtarit\/","title":{"rendered":"Zyrtare\/ Blerim Kotobelli u largua nga Teuta, rikthehet te klubi i Flamurtarit"},"content":{"rendered":"<p>Blerim Kotobelli do t\u00eb vijoj\u00eb karrier\u00ebn e tij n\u00eb futbollin shqiptar dhe transferohet te nj\u00eb tjet\u00ebr klub bregdetar.<\/p>\n<p>Ish kapiteni i Teut\u00ebs vet\u00ebm p\u00ebrpara pak jav\u00ebsh i tha lamtumir\u00eb klubit durrsak dhe zgjodhi t\u00eb udh\u00ebtoj\u00eb drejt Vlor\u00ebs p\u00ebr t\u2019u kthyer te Flamurtari ku ai \u00ebsht\u00eb aktivizuar edhe m\u00eb par\u00eb n\u00eb karrier\u00ebn e tij.<\/p>\n<p>Blerim Kotobelli nuk ishte n\u00eb planet e trajnerit t\u00eb Teut\u00ebs, Edlir Tetova dhe k\u00ebshtu ai vendosi t\u2019i thot\u00eb lamtumir\u00eb k\u00ebsaj skuadre p\u00ebr t\u00eb gjetur marr\u00ebveshjen pik\u00ebrisht me Flamurtarin q\u00eb konfirmoi k\u00ebt\u00eb l\u00ebvizje p\u00ebrmes nj\u00eb komunikate t\u00eb publikuar n\u00eb rrjetet sociale.<\/p>\n<p>Mir\u00eb se u ktheve n\u00eb familjen kuqezi! Familja kuqezi mir\u00ebpret mbrojt\u00ebsin Blerim Kotobelli, i cili do t\u00eb jet\u00eb pjes\u00eb e Flamurtari F.C. n\u00eb sezonin e ri-theksonte Flamurtari n\u00eb njoftimin zyrtar t\u00eb tij.<\/p>","protected":false},"excerpt":{"rendered":"<p>Blerim Kotobelli do t\u00eb vijoj\u00eb karrier\u00ebn e tij n\u00eb futbollin shqiptar dhe transferohet te nj\u00eb tjet\u00ebr klub bregdetar. Ish kapiteni i Teut\u00ebs vet\u00ebm p\u00ebrpara pak jav\u00ebsh i tha lamtumir\u00eb klubit durrsak dhe zgjodhi t\u00eb udh\u00ebtoj\u00eb drejt Vlor\u00ebs p\u00ebr t\u2019u kthyer te Flamurtari ku ai \u00ebsht\u00eb aktivizuar edhe m\u00eb par\u00eb n\u00eb karrier\u00ebn e tij. Blerim Kotobelli [&hellip;]<\/p>\n","protected":false},"author":0,"featured_media":0,"comment_status":"open","ping_status":"open","sticky":false,"template":"","format":"standard","meta":{"footnotes":""},"categories":[1],"tags":[],"class_list":["post-96794","post","type-post","status-publish","format-standard","hentry","category-uncategorized"],"_links":{"self":[{"href":"https:\/\/zennihost.com\/test\/wp-json\/wp\/v2\/posts\/96794","targetHints":{"allow":["GET"]}}],"collection":[{"href":"https:\/\/zennihost.com\/test\/wp-json\/wp\/v2\/posts"}],"about":[{"href":"https:\/\/zennihost.com\/test\/wp-json\/wp\/v2\/types\/post"}],"replies":[{"embeddable":true,"href":"https:\/\/zennihost.com\/test\/wp-json\/wp\/v2\/comments?post=96794"}],"version-history":[{"count":0,"href":"https:\/\/zennihost.com\/test\/wp-json\/wp\/v2\/posts\/96794\/revisions"}],"wp:attachment":[{"href":"https:\/\/zennihost.com\/test\/wp-json\/wp\/v2\/media?parent=96794"}],"wp:term":[{"taxonomy":"category","embeddable":true,"href":"https:\/\/zennihost.com\/test\/wp-json\/wp\/v2\/categories?post=96794"},{"taxonomy":"post_tag","embeddable":true,"href":"https:\/\/zennihost.com\/test\/wp-json\/wp\/v2\/tags?post=96794"}],"curies":[{"name":"wp","href":"https:\/\/api.w.org\/{rel}","templated":true}]}}