{"id":96790,"date":"2026-08-13T18:48:14","date_gmt":"2026-08-13T18:48:14","guid":{"rendered":"https:\/\/zennihost.com\/test\/2026\/08\/13\/protestuesi-kryeministri-nuk-e-ka-permbushur-kontraten-me-popullin-keto-75-dite-deligjitimuan-pushtetin-e-tij\/"},"modified":"2026-08-13T18:48:14","modified_gmt":"2026-08-13T18:48:14","slug":"protestuesi-kryeministri-nuk-e-ka-permbushur-kontraten-me-popullin-keto-75-dite-deligjitimuan-pushtetin-e-tij","status":"publish","type":"post","link":"https:\/\/zennihost.com\/test\/2026\/08\/13\/protestuesi-kryeministri-nuk-e-ka-permbushur-kontraten-me-popullin-keto-75-dite-deligjitimuan-pushtetin-e-tij\/","title":{"rendered":"Protestuesi: Kryeministri nuk e ka p\u00ebrmbushur kontrat\u00ebn me popullin, k\u00ebto 75 dit\u00eb deligjitimuan pushtetin e tij"},"content":{"rendered":"<p>N\u00eb dit\u00ebn e 75-t\u00eb t\u00eb protest\u00ebs para Kryeministris\u00eb, qytetar\u00ebt kan\u00eb vijuar t\u00eb k\u00ebrkojn\u00eb largimin e qeveris\u00eb, duke deklaruar se nuk do t\u00eb t\u00ebrhiqen nga q\u00ebndresa.<\/p>\n<p>Nj\u00eb prej protestuesve tha se 75 dit\u00ebt e protest\u00ebs kan\u00eb sh\u00ebrbyer, sipas tij, p\u00ebr t\u2019i treguar qeveris\u00eb se qytetar\u00ebt do t\u00eb vijojn\u00eb rezistenc\u00ebn deri n\u00eb largimin e saj.<\/p>\n<p>Ai k\u00ebrkoi dor\u00ebheqjen e kryeministrit Edi Rama dhe t\u00eb gjith\u00eb qeveris\u00eb, duke argumentuar se pushteti nuk ka p\u00ebrmbushur at\u00eb q\u00eb ai e cil\u00ebsoi si \u201ckontrat\u00ebn me popullin shqiptar\u201d.<\/p>\n<p>\u201c75 dit\u00eb q\u00ebndres\u00eb dhe rezistenc\u00eb, 75 dit\u00eb p\u00ebr t\u2019i treguar k\u00ebtij pushteti se ne nuk largohemi pa u larguar k\u00ebta. 75 dit\u00eb q\u00eb ngjall\u00ebn besimin se Shqip\u00ebrin\u00eb mund ta b\u00ebjm\u00eb\u201d, u shpreh protestuesi.<\/p>\n<p>Sipas tij, protesta ka nxjerr\u00eb n\u00eb pah at\u00eb q\u00eb ai e konsideron si problemet e qeverisjes, duke akuzuar mazhoranc\u00ebn p\u00ebr krim dhe korrupsion.<\/p>\n<p>\u201c75 dit\u00eb p\u00ebr t\u2019i treguar kryeministrit ende n\u00eb detyr\u00eb se ai dhe gjith\u00eb qeveria e tij duhet t\u00eb dor\u00ebhiqen, sepse nuk e kan\u00eb p\u00ebrmbushur kontrat\u00ebn me popullin shqiptar\u201d, deklaroi ai.<\/p>\n<p>Protestuesi tha gjithashtu se k\u00ebto 75 dit\u00eb kan\u00eb ndikuar, sipas tij, n\u00eb legjitimitetin e pushtetit dhe kan\u00eb nxjerr\u00eb n\u00eb pah \u201cfytyr\u00ebn e v\u00ebrtet\u00eb\u201d t\u00eb kryeministrit.<\/p>\n<p>Ai u b\u00ebri thirrje qytetar\u00ebve t\u00eb vijojn\u00eb q\u00ebndres\u00ebn, duke argumentuar se presioni nuk duhet t\u00eb ndalet pavar\u00ebsisht p\u00ebrplasjeve dhe deklaratave politike.<\/p>\n<p>\u201cKy \u00ebsht\u00eb momenti q\u00eb duhet t\u00eb rezistojm\u00eb m\u00eb shum\u00eb. Kjo \u00ebsht\u00eb arma jon\u00eb m\u00eb e fort\u00eb\u201d, p\u00ebrfundoi ai.<\/p>\n<p>\u00a0<\/p>\n<p>\u00a0<\/p>\n<p>The post <a href=\"https:\/\/gijotina.com\/protestuesi-4\/\">Protestuesi: Kryeministri nuk e ka p\u00ebrmbushur kontrat\u00ebn me popullin, k\u00ebto 75 dit\u00eb deligjitimuan pushtetin e tij<\/a> appeared first on <a href=\"https:\/\/gijotina.com\/\">GIJOTINA<\/a>.<\/p>","protected":false},"excerpt":{"rendered":"<p>N\u00eb dit\u00ebn e 75-t\u00eb t\u00eb protest\u00ebs para Kryeministris\u00eb, qytetar\u00ebt kan\u00eb vijuar t\u00eb k\u00ebrkojn\u00eb largimin e qeveris\u00eb, duke deklaruar se nuk do t\u00eb t\u00ebrhiqen nga q\u00ebndresa. Nj\u00eb prej protestuesve tha se 75 dit\u00ebt e protest\u00ebs kan\u00eb sh\u00ebrbyer, sipas tij, p\u00ebr t\u2019i treguar qeveris\u00eb se qytetar\u00ebt do t\u00eb vijojn\u00eb rezistenc\u00ebn deri n\u00eb largimin e saj. Ai k\u00ebrkoi [&hellip;]<\/p>\n","protected":false},"author":0,"featured_media":0,"comment_status":"open","ping_status":"open","sticky":false,"template":"","format":"standard","meta":{"footnotes":""},"categories":[1],"tags":[],"class_list":["post-96790","post","type-post","status-publish","format-standard","hentry","category-uncategorized"],"_links":{"self":[{"href":"https:\/\/zennihost.com\/test\/wp-json\/wp\/v2\/posts\/96790","targetHints":{"allow":["GET"]}}],"collection":[{"href":"https:\/\/zennihost.com\/test\/wp-json\/wp\/v2\/posts"}],"about":[{"href":"https:\/\/zennihost.com\/test\/wp-json\/wp\/v2\/types\/post"}],"replies":[{"embeddable":true,"href":"https:\/\/zennihost.com\/test\/wp-json\/wp\/v2\/comments?post=96790"}],"version-history":[{"count":0,"href":"https:\/\/zennihost.com\/test\/wp-json\/wp\/v2\/posts\/96790\/revisions"}],"wp:attachment":[{"href":"https:\/\/zennihost.com\/test\/wp-json\/wp\/v2\/media?parent=96790"}],"wp:term":[{"taxonomy":"category","embeddable":true,"href":"https:\/\/zennihost.com\/test\/wp-json\/wp\/v2\/categories?post=96790"},{"taxonomy":"post_tag","embeddable":true,"href":"https:\/\/zennihost.com\/test\/wp-json\/wp\/v2\/tags?post=96790"}],"curies":[{"name":"wp","href":"https:\/\/api.w.org\/{rel}","templated":true}]}}