{"id":96788,"date":"2026-08-13T17:48:13","date_gmt":"2026-08-13T17:48:13","guid":{"rendered":"https:\/\/zennihost.com\/test\/2026\/08\/13\/ldk-terhiqet-nga-marreveshja-abdixhiku-le-ti-mbaje-te-gjitha-vetevendosje-do-votojme-presidentin-konsensual\/"},"modified":"2026-08-13T17:48:13","modified_gmt":"2026-08-13T17:48:13","slug":"ldk-terhiqet-nga-marreveshja-abdixhiku-le-ti-mbaje-te-gjitha-vetevendosje-do-votojme-presidentin-konsensual","status":"publish","type":"post","link":"https:\/\/zennihost.com\/test\/2026\/08\/13\/ldk-terhiqet-nga-marreveshja-abdixhiku-le-ti-mbaje-te-gjitha-vetevendosje-do-votojme-presidentin-konsensual\/","title":{"rendered":"LDK t\u00ebrhiqet nga marr\u00ebveshja, Abdixhiku: Le t\u2019i mbaj\u00eb t\u00eb gjitha Vet\u00ebvendosje, do votojm\u00eb Presidentin konsensual"},"content":{"rendered":"<p>Lidhja Demokratike e Kosov\u00ebs ka b\u00ebr\u00eb nj\u00eb hap pas n\u00eb negociatat politike p\u00ebr zgjidhjen e ng\u00ebr\u00e7it institucional n\u00eb Kosov\u00eb. Kryetari i LDK-s\u00eb, Lumir Abdixhiku, ka deklaruar se partia e tij t\u00ebrhiqet nga t\u00eb gjitha k\u00ebrkesat p\u00ebr marr\u00ebveshje, duke ia l\u00ebn\u00eb p\u00ebrgjegj\u00ebsin\u00eb p\u00ebr zgjidhjen e situat\u00ebs L\u00ebvizjes Vet\u00ebvendosje.<\/p>\n<p>\u201cLe t\u2019i mbaj\u00eb t\u00eb gjitha Vet\u00ebvendosje\u201d, m\u00ebsohet t\u00eb ket\u00eb deklaruar Abdixhiku, duke sinjalizuar nj\u00eb q\u00ebndrim t\u00eb ri t\u00eb LDK-s\u00eb p\u00ebrball\u00eb zhvillimeve politike.<\/p>\n<p>Pavar\u00ebsisht t\u00ebrheqjes nga k\u00ebrkesat p\u00ebr nj\u00eb marr\u00ebveshje politike, Abdixhiku ka b\u00ebr\u00eb t\u00eb qart\u00eb se LDK-ja \u00ebsht\u00eb e gatshme t\u00eb marr\u00eb pjes\u00eb n\u00eb votimin e nj\u00eb kandidati konsensual p\u00ebr President t\u00eb Kosov\u00ebs.<\/p>\n<p>Pas nj\u00eb mbledhjeje tri-or\u00ebshe t\u00eb Grupit Parlamentar, kryetari i LDK-s\u00eb, Lumir Abdixhiku, ka b\u00ebr\u00eb t\u00eb ditur se partia e tij ka hequr dor\u00eb nga k\u00ebrkesat p\u00ebr President dhe bashk\u00ebqeverisje t\u00eb mundshme me Vet\u00ebvendosjen e Albin Kurtit.<\/p>\n<p>\u201cKemi hequr dor\u00eb nga t\u00eb gjitha postet, qoft\u00eb kryetarin e Kuvendit, qoft\u00eb tri ministrit\u00eb e ofertuara n\u00eb takim me Kurtin, qoft\u00eb edhe postin e Presidentit. Ne mb\u00ebshtesim krijimin e institucioneve dhe zgjedhjen e nj\u00eb presidenti konsensual p\u00ebr ta zhbllokuar kriz\u00ebn\u201d, ka th\u00ebn\u00eb Abdixhiku.<\/p>\n<p>Abdixhiku ka th\u00ebn\u00eb se LDK-ja do t\u00eb q\u00ebndroj\u00eb n\u00eb opozit\u00eb dhe do ta ushtroj\u00eb k\u00ebt\u00eb p\u00ebrgjegj\u00ebsi me dinjitet.<\/p>\n<p>Ai ka th\u00ebn\u00eb se LDK-ja \u00ebsht\u00eb e gatshme t\u00eb bisedoj\u00eb p\u00ebr zgjedhjen e nj\u00eb presidenti q\u00eb mbron interesat e Republik\u00ebs.<\/p>\n<p>\u201cMeq\u00eb LVV-ja po vler\u00ebson se s\u2019ka nevoj\u00eb p\u00ebr partner, s\u2019do ta ket\u00eb as si dekor. Do t\u00eb q\u00ebndrojm\u00eb n\u00eb opozit\u00eb dhe do ta ushtrojm\u00eb k\u00ebt\u00eb p\u00ebrgjegj\u00ebsi me dinjitet. Pavar\u00ebsisht k\u00ebtij q\u00ebndrimi, s\u2019do ta shnd\u00ebrrojm\u00eb zhg\u00ebnjimin politik n\u00eb bllokad\u00eb. Jemi t\u00eb gatsh\u00ebm t\u00eb bisedojm\u00eb p\u00ebr zgjedhjen e nj\u00eb presidenti q\u00eb mbron interesat e Republik\u00ebs\u201d, tha Abdixhiku.<\/p>","protected":false},"excerpt":{"rendered":"<p>Lidhja Demokratike e Kosov\u00ebs ka b\u00ebr\u00eb nj\u00eb hap pas n\u00eb negociatat politike p\u00ebr zgjidhjen e ng\u00ebr\u00e7it institucional n\u00eb Kosov\u00eb. Kryetari i LDK-s\u00eb, Lumir Abdixhiku, ka deklaruar se partia e tij t\u00ebrhiqet nga t\u00eb gjitha k\u00ebrkesat p\u00ebr marr\u00ebveshje, duke ia l\u00ebn\u00eb p\u00ebrgjegj\u00ebsin\u00eb p\u00ebr zgjidhjen e situat\u00ebs L\u00ebvizjes Vet\u00ebvendosje. \u201cLe t\u2019i mbaj\u00eb t\u00eb gjitha Vet\u00ebvendosje\u201d, m\u00ebsohet t\u00eb [&hellip;]<\/p>\n","protected":false},"author":0,"featured_media":0,"comment_status":"open","ping_status":"open","sticky":false,"template":"","format":"standard","meta":{"footnotes":""},"categories":[1],"tags":[],"class_list":["post-96788","post","type-post","status-publish","format-standard","hentry","category-uncategorized"],"_links":{"self":[{"href":"https:\/\/zennihost.com\/test\/wp-json\/wp\/v2\/posts\/96788","targetHints":{"allow":["GET"]}}],"collection":[{"href":"https:\/\/zennihost.com\/test\/wp-json\/wp\/v2\/posts"}],"about":[{"href":"https:\/\/zennihost.com\/test\/wp-json\/wp\/v2\/types\/post"}],"replies":[{"embeddable":true,"href":"https:\/\/zennihost.com\/test\/wp-json\/wp\/v2\/comments?post=96788"}],"version-history":[{"count":0,"href":"https:\/\/zennihost.com\/test\/wp-json\/wp\/v2\/posts\/96788\/revisions"}],"wp:attachment":[{"href":"https:\/\/zennihost.com\/test\/wp-json\/wp\/v2\/media?parent=96788"}],"wp:term":[{"taxonomy":"category","embeddable":true,"href":"https:\/\/zennihost.com\/test\/wp-json\/wp\/v2\/categories?post=96788"},{"taxonomy":"post_tag","embeddable":true,"href":"https:\/\/zennihost.com\/test\/wp-json\/wp\/v2\/tags?post=96788"}],"curies":[{"name":"wp","href":"https:\/\/api.w.org\/{rel}","templated":true}]}}