{"id":96787,"date":"2026-08-13T17:48:13","date_gmt":"2026-08-13T17:48:13","guid":{"rendered":"https:\/\/zennihost.com\/test\/2026\/08\/13\/vendimi-i-ldk-se-osmani-te-evitohen-zgjedhjet-vendi-te-behet-me-president-qe-mbron-kushtetuten\/"},"modified":"2026-08-13T17:48:13","modified_gmt":"2026-08-13T17:48:13","slug":"vendimi-i-ldk-se-osmani-te-evitohen-zgjedhjet-vendi-te-behet-me-president-qe-mbron-kushtetuten","status":"publish","type":"post","link":"https:\/\/zennihost.com\/test\/2026\/08\/13\/vendimi-i-ldk-se-osmani-te-evitohen-zgjedhjet-vendi-te-behet-me-president-qe-mbron-kushtetuten\/","title":{"rendered":"Vendimi i LDK-s\u00eb, Osmani: T\u00eb evitohen zgjedhjet, vendi t\u00eb b\u00ebhet m\u00eb president q\u00eb mbron Kushtetut\u00ebn"},"content":{"rendered":"<p>Ish-presidentja e Kosov\u00ebs, Vjosa Osmani ka shp\u00ebrndar\u00eb konferenc\u00ebn p\u00ebr shtyp t\u00eb kryetarit t\u00eb LDK-s\u00eb, Lumir Abdixhiku i cili k\u00ebt\u00eb t\u00eb enjte tha se partia e tij t\u00ebrhiqet nga k\u00ebrkesat p\u00ebr \u00e7do pozit\u00eb shtet\u00ebrore duke th\u00ebn\u00eb se do t\u00eb kontribuojn\u00eb p\u00ebr zgjedhjen e presidentit t\u00eb ri t\u00eb vendit pa marr\u00eb pjes\u00eb n\u00eb pushtet.<\/p>\n<p>Osmani p\u00ebrmes nj\u00eb postimi n\u00eb Facebook shkroi se LDK me q\u00ebllim q\u00eb t\u00eb evitohen zgjedhjet e reja do t\u00eb kontribuoj\u00eb p\u00ebr t\u2019i dh\u00ebn\u00eb vendit president q\u00eb mbron Kushtetut\u00ebn.<\/p>\n<p>\u201cLidhja Demokratike e Kosov\u00ebs nuk k\u00ebrkon asnj\u00eb pozit\u00eb e as pjes\u00ebmarrje n\u00eb pushtet, me q\u00ebllim q\u00eb t\u00eb evitohen zgjedhjet e reja dhe t\u2019i jepim vendit President t\u00eb Republik\u00ebs q\u00eb mbron kushtetut\u00ebn dhe vendin.<\/p>\n<p>Ne nuk jemi k\u00ebtu vet\u00ebm p\u00ebr sot. Jemi, mbi t\u00eb gjitha, k\u00ebtu p\u00ebr gjeneratat q\u00eb do t\u00eb vijn\u00eb pas nesh e nuk duhet t\u00eb na gjykojn\u00eb p\u00ebr pushtetin q\u00eb e mor\u00ebm, por p\u00ebr shtetin q\u00eb ua lam\u00eb\u201d, ka shkruar ajo.<\/p>","protected":false},"excerpt":{"rendered":"<p>Ish-presidentja e Kosov\u00ebs, Vjosa Osmani ka shp\u00ebrndar\u00eb konferenc\u00ebn p\u00ebr shtyp t\u00eb kryetarit t\u00eb LDK-s\u00eb, Lumir Abdixhiku i cili k\u00ebt\u00eb t\u00eb enjte tha se partia e tij t\u00ebrhiqet nga k\u00ebrkesat p\u00ebr \u00e7do pozit\u00eb shtet\u00ebrore duke th\u00ebn\u00eb se do t\u00eb kontribuojn\u00eb p\u00ebr zgjedhjen e presidentit t\u00eb ri t\u00eb vendit pa marr\u00eb pjes\u00eb n\u00eb pushtet. Osmani p\u00ebrmes nj\u00eb [&hellip;]<\/p>\n","protected":false},"author":0,"featured_media":0,"comment_status":"open","ping_status":"open","sticky":false,"template":"","format":"standard","meta":{"footnotes":""},"categories":[1],"tags":[],"class_list":["post-96787","post","type-post","status-publish","format-standard","hentry","category-uncategorized"],"_links":{"self":[{"href":"https:\/\/zennihost.com\/test\/wp-json\/wp\/v2\/posts\/96787","targetHints":{"allow":["GET"]}}],"collection":[{"href":"https:\/\/zennihost.com\/test\/wp-json\/wp\/v2\/posts"}],"about":[{"href":"https:\/\/zennihost.com\/test\/wp-json\/wp\/v2\/types\/post"}],"replies":[{"embeddable":true,"href":"https:\/\/zennihost.com\/test\/wp-json\/wp\/v2\/comments?post=96787"}],"version-history":[{"count":0,"href":"https:\/\/zennihost.com\/test\/wp-json\/wp\/v2\/posts\/96787\/revisions"}],"wp:attachment":[{"href":"https:\/\/zennihost.com\/test\/wp-json\/wp\/v2\/media?parent=96787"}],"wp:term":[{"taxonomy":"category","embeddable":true,"href":"https:\/\/zennihost.com\/test\/wp-json\/wp\/v2\/categories?post=96787"},{"taxonomy":"post_tag","embeddable":true,"href":"https:\/\/zennihost.com\/test\/wp-json\/wp\/v2\/tags?post=96787"}],"curies":[{"name":"wp","href":"https:\/\/api.w.org\/{rel}","templated":true}]}}