{"id":96785,"date":"2026-08-13T17:48:12","date_gmt":"2026-08-13T17:48:12","guid":{"rendered":"https:\/\/zennihost.com\/test\/2026\/08\/13\/zjarret-ne-shqiperi-14-vatra-mbeten-ende-aktive-zonat-me-problematike\/"},"modified":"2026-08-13T17:48:12","modified_gmt":"2026-08-13T17:48:12","slug":"zjarret-ne-shqiperi-14-vatra-mbeten-ende-aktive-zonat-me-problematike","status":"publish","type":"post","link":"https:\/\/zennihost.com\/test\/2026\/08\/13\/zjarret-ne-shqiperi-14-vatra-mbeten-ende-aktive-zonat-me-problematike\/","title":{"rendered":"Zjarret n\u00eb Shqip\u00ebri\/ 14 vatra mbeten ende aktive, zonat m\u00eb problematike"},"content":{"rendered":"<p>Ministria e Mbrojtjes ka raportuar k\u00ebt\u00eb t\u00eb enjte mbi situat\u00ebn e zjarreve n\u00eb vend.<\/p>\n<p>Gjat\u00eb dit\u00ebs jan\u00eb raportuar gjithsej 31 vatra zjarri, nd\u00ebrsa aktualisht jan\u00eb evidentuar 18 vatra, prej t\u00eb cilave 14 aktive, 2 n\u00eb monitorim dhe 2 n\u00ebn kontroll.<\/p>\n<p>N\u00eb operacionet p\u00ebr p\u00ebrballimin e situat\u00ebs vijon angazhimi i strukturave vendore dhe qendrore. Vet\u00ebm nga Forcat e Armatosura jan\u00eb angazhuar 309 efektiv\u00eb, 22 mjete, 1 autobot, 3 ambulanca, 9 mjete zjarrfik\u00ebse, 3 helikopter\u00eb dhe 2 avion\u00eb Air Tractor.<\/p>\n<p><strong>Vatrat kryesore aktive dhe angazhimi:<\/strong><\/p>\n<p><strong>Dajt, Tiran\u00eb<\/strong> \u2013 N\u00eb zon\u00ebn mbi tunelet e Qaf\u00eb-Moll\u00ebs vijon puna me 20 forca MZSH dhe 10 ADZM, nd\u00ebrsa p\u00ebr mb\u00ebshtetje jan\u00eb angazhuar 2 helikopter\u00eb t\u00eb FA-s\u00eb. N\u00eb zon\u00ebn Prisk\u00eb e Madhe\u2013Gurr\u00eb\u2013Fark\u00eb\u2013Lund\u00ebr operojn\u00eb 40 efektiv\u00eb MZSH me 8 automjete zjarrfik\u00ebse, 25 vullnetar\u00eb dhe 2 helikopter\u00eb t\u00eb FA-s\u00eb. Nuk ka rrezik p\u00ebr zonat e banuara.<\/p>\n<p><strong>Abaze, Kruj\u00eb<\/strong> \u2013 Zjarri vijon aktiv dhe \u00ebsht\u00eb favorizuar nga era. Forcat operacionale po punojn\u00eb p\u00ebr shuarjen e tij, t\u00eb mb\u00ebshtetura edhe nga 1 helikopter i FA-s\u00eb. Nuk paraqitet rrezik per banesat.<\/p>\n<p><strong>Gur\u00eb-Lur\u00eb, Dib\u00ebr<\/strong> \u2013 Situata vijon me intensitet t\u00eb lart\u00eb n\u00eb dy drejtime, nd\u00ebrsa perimetri pran\u00eb banesave \u00ebsht\u00eb vendosur n\u00ebn kontroll dhe \u00ebsht\u00eb shmangur rreziku p\u00ebr djegien e tyre. Jan\u00eb angazhuar 120 forca bashkiake, 57 efektiv\u00eb t\u00eb FA-s\u00eb, 15 polic\u00eb, 15 vullnetar\u00eb dhe 9 punonj\u00ebs t\u00eb ADZM-s\u00eb, t\u00eb mb\u00ebshtetur nga 2 avion\u00eb Air Tractor.<\/p>\n<p><strong>N\u00ebmer\u00e7k\u00eb dhe Dh\u00ebmbel, P\u00ebrmet<\/strong> \u2013 Vijojn\u00eb aktive disa vatra n\u00eb zona pyjore dhe kullota, n\u00eb terren t\u00eb v\u00ebshtir\u00eb. N\u00eb operacion jan\u00eb angazhuar zjarrfik\u00ebs, punonj\u00ebs t\u00eb sektorit pyjor dhe vullnetar\u00eb. Nuk ka rrezik p\u00ebr zonat e banuara.<\/p>\n<p><strong>Troj\u00eb, Mirdit\u00eb<\/strong> \u2013 Vijon puna p\u00ebr izolimin e vatr\u00ebs me MZSH, 36 forca bashkiake, 3 polic\u00eb, 20 vullnetar\u00eb dhe 30 efektiv\u00eb t\u00eb FA-s\u00eb.<\/p>\n<p><strong>Lugaxhi, Elbasan<\/strong> \u2013 Situata paraqitet e r\u00ebnduar pasi zjarri \u00ebsht\u00eb p\u00ebrhapur n\u00eb kurorat e pishave. Jan\u00eb angazhuar 6 efektiv\u00eb MZSH, 6 forca t\u00eb pyjores, 5 punonj\u00ebs ASHP, 5 forca bashkiake dhe 30 vullnetar\u00eb, t\u00eb mb\u00ebshtetur edhe nga MZSH C\u00ebrrik. Nuk ka rrezik p\u00ebr zonat e banuara. N\u00eb Shal\u00ebs, C\u00ebrrik, \u00ebsht\u00eb evidentuar gjithashtu nj\u00eb vat\u00ebr e re ku operojn\u00eb MZSH me 1 automjet dhe 3 efektiv\u00eb.<\/p>\n<p><strong>Finiq, Vlor\u00eb<\/strong> \u2013 N\u00eb Dhiv\u00ebr operojn\u00eb MZSH Finiq, Delvin\u00eb, Konispol dhe Dropull me 5 automjete zjarrfik\u00ebse dhe 10 efektiv\u00eb, forca bashkiake dhe 1 helikopter t\u00eb FA-s\u00eb. Vatra n\u00eb Rumanx\u00eb \u00ebsht\u00eb shuar plot\u00ebsisht, nd\u00ebrsa ajo n\u00eb Dhrovjan \u00ebsht\u00eb n\u00ebn kontroll.<\/p>\n<p>N\u00eb Mallakast\u00ebr\u2013Patos, vatrat n\u00eb Drenie, Lofk\u00ebnd dhe Ngra\u00e7ije jan\u00eb izoluar dhe situata mbahet n\u00eb monitorim, nd\u00ebrsa puna vijon n\u00eb ekonomin\u00eb pyjore t\u00eb Gjinoqar\u00ebs. N\u00eb Kryezi, Fush\u00eb-Arr\u00ebz, vatra \u00ebsht\u00eb n\u00ebn kontroll, nd\u00ebrsa n\u00eb Rrenc\u00eb dhe Goraj-Budisht\u00eb vijon puna p\u00ebr izolimin e plot\u00eb.<\/p>\n<p>\u00a0<\/p>\n<p>The post <a href=\"https:\/\/gijotina.com\/zjarret-ne-vend-2\/\">Zjarret n\u00eb Shqip\u00ebri\/ 14 vatra mbeten ende aktive, zonat m\u00eb problematike<\/a> appeared first on <a href=\"https:\/\/gijotina.com\/\">GIJOTINA<\/a>.<\/p>","protected":false},"excerpt":{"rendered":"<p>Ministria e Mbrojtjes ka raportuar k\u00ebt\u00eb t\u00eb enjte mbi situat\u00ebn e zjarreve n\u00eb vend. Gjat\u00eb dit\u00ebs jan\u00eb raportuar gjithsej 31 vatra zjarri, nd\u00ebrsa aktualisht jan\u00eb evidentuar 18 vatra, prej t\u00eb cilave 14 aktive, 2 n\u00eb monitorim dhe 2 n\u00ebn kontroll. N\u00eb operacionet p\u00ebr p\u00ebrballimin e situat\u00ebs vijon angazhimi i strukturave vendore dhe qendrore. Vet\u00ebm nga [&hellip;]<\/p>\n","protected":false},"author":0,"featured_media":0,"comment_status":"open","ping_status":"open","sticky":false,"template":"","format":"standard","meta":{"footnotes":""},"categories":[1],"tags":[],"class_list":["post-96785","post","type-post","status-publish","format-standard","hentry","category-uncategorized"],"_links":{"self":[{"href":"https:\/\/zennihost.com\/test\/wp-json\/wp\/v2\/posts\/96785","targetHints":{"allow":["GET"]}}],"collection":[{"href":"https:\/\/zennihost.com\/test\/wp-json\/wp\/v2\/posts"}],"about":[{"href":"https:\/\/zennihost.com\/test\/wp-json\/wp\/v2\/types\/post"}],"replies":[{"embeddable":true,"href":"https:\/\/zennihost.com\/test\/wp-json\/wp\/v2\/comments?post=96785"}],"version-history":[{"count":0,"href":"https:\/\/zennihost.com\/test\/wp-json\/wp\/v2\/posts\/96785\/revisions"}],"wp:attachment":[{"href":"https:\/\/zennihost.com\/test\/wp-json\/wp\/v2\/media?parent=96785"}],"wp:term":[{"taxonomy":"category","embeddable":true,"href":"https:\/\/zennihost.com\/test\/wp-json\/wp\/v2\/categories?post=96785"},{"taxonomy":"post_tag","embeddable":true,"href":"https:\/\/zennihost.com\/test\/wp-json\/wp\/v2\/tags?post=96785"}],"curies":[{"name":"wp","href":"https:\/\/api.w.org\/{rel}","templated":true}]}}