{"id":96781,"date":"2026-08-13T16:48:15","date_gmt":"2026-08-13T16:48:15","guid":{"rendered":"https:\/\/zennihost.com\/test\/2026\/08\/13\/zlatko-dalic-emerohet-trajner-i-emirateve-te-bashkuara-arabe-nuk-erdha-per-para\/"},"modified":"2026-08-13T16:48:15","modified_gmt":"2026-08-13T16:48:15","slug":"zlatko-dalic-emerohet-trajner-i-emirateve-te-bashkuara-arabe-nuk-erdha-per-para","status":"publish","type":"post","link":"https:\/\/zennihost.com\/test\/2026\/08\/13\/zlatko-dalic-emerohet-trajner-i-emirateve-te-bashkuara-arabe-nuk-erdha-per-para\/","title":{"rendered":"Zlatko Dalic em\u00ebrohet trajner i Emirateve t\u00eb Bashkuara Arabe: Nuk erdha p\u00ebr para"},"content":{"rendered":"<p>Zlatko Dalic ka nisur zyrtarisht aventur\u00ebn e tij t\u00eb re n\u00eb krye t\u00eb Komb\u00ebtares s\u00eb Emirateve t\u00eb Bashkuara Arabe.<\/p>\n<p>Trajneri kroat rikthehet n\u00eb nj\u00eb vend q\u00eb e njeh shum\u00eb mir\u00eb, pasi m\u00eb par\u00eb drejtoi Al Ainin.<\/p>\n<p>Me klubin nga Emiratet, Dalic fitoi titullin kampion n\u00eb vitin 2015 dhe nd\u00ebrtoi nj\u00eb lidhje t\u00eb ve\u00e7ant\u00eb me vendin.<\/p>\n<p>Pas n\u00ebnt\u00eb viteve n\u00eb drejtimin e Kroacis\u00eb, ai ka vendosur t\u00eb nis\u00eb nj\u00eb kapitull t\u00eb ri n\u00eb karrier\u00eb.<\/p>\n<p>N\u00eb fjal\u00ebt e para pas em\u00ebrimit, Dalic u shpreh i lumtur p\u00ebr rikthimin n\u00eb Emirate.<\/p>\n<p>\u201cJam i lumtur q\u00eb jam n\u00eb Emirate, sht\u00ebpin\u00eb time t\u00eb dyt\u00eb\u201d, deklaroi trajneri kroat.<\/p>\n<p>Ai fal\u00ebnderoi drejtuesit p\u00ebr besimin dhe u shpreh i nderuar p\u00ebr detyr\u00ebn e re.<\/p>\n<p>Dalic kujtoi me nostalgji periudh\u00ebn e tij te Al Aini, ku q\u00ebndroi p\u00ebr rreth tre vite.<\/p>\n<p>Megjithat\u00eb, ai theksoi se tashm\u00eb fokusi i tij \u00ebsht\u00eb vet\u00ebm te Komb\u00ebtarja e Emirateve.<\/p>\n<p>\u201cKam kaluar tre vite tek Al Aini dhe kam b\u00ebr\u00eb nj\u00eb pun\u00eb t\u00eb shk\u00eblqyer, por kjo i p\u00ebrket s\u00eb kaluar\u00ebs\u201d, tha ai.<\/p>\n<p>Trajneri kroat pranoi se detyra e re nuk do t\u00eb jet\u00eb e leht\u00eb.<\/p>\n<p>Objektivi i tij \u00ebsht\u00eb t\u00eb nd\u00ebrtoj\u00eb nj\u00eb ekip t\u00eb fort\u00eb dhe konkurrues n\u00eb aren\u00ebn nd\u00ebrkomb\u00ebtare.<\/p>\n<p>Dalic k\u00ebrkon q\u00eb p\u00ebrvoja e tij t\u00eb ndihmoj\u00eb Emiratet t\u00eb arrijn\u00eb rezultate t\u00eb r\u00ebnd\u00ebsishme n\u00eb vitet e ardhshme.<\/p>\n<p>The post <a href=\"https:\/\/gijotina.com\/trajneri-kroat\/\">Zlatko Dalic em\u00ebrohet trajner i Emirateve t\u00eb Bashkuara Arabe: Nuk erdha p\u00ebr para<\/a> appeared first on <a href=\"https:\/\/gijotina.com\/\">GIJOTINA<\/a>.<\/p>","protected":false},"excerpt":{"rendered":"<p>Zlatko Dalic ka nisur zyrtarisht aventur\u00ebn e tij t\u00eb re n\u00eb krye t\u00eb Komb\u00ebtares s\u00eb Emirateve t\u00eb Bashkuara Arabe. Trajneri kroat rikthehet n\u00eb nj\u00eb vend q\u00eb e njeh shum\u00eb mir\u00eb, pasi m\u00eb par\u00eb drejtoi Al Ainin. Me klubin nga Emiratet, Dalic fitoi titullin kampion n\u00eb vitin 2015 dhe nd\u00ebrtoi nj\u00eb lidhje t\u00eb ve\u00e7ant\u00eb me vendin. [&hellip;]<\/p>\n","protected":false},"author":0,"featured_media":0,"comment_status":"open","ping_status":"open","sticky":false,"template":"","format":"standard","meta":{"footnotes":""},"categories":[1],"tags":[],"class_list":["post-96781","post","type-post","status-publish","format-standard","hentry","category-uncategorized"],"_links":{"self":[{"href":"https:\/\/zennihost.com\/test\/wp-json\/wp\/v2\/posts\/96781","targetHints":{"allow":["GET"]}}],"collection":[{"href":"https:\/\/zennihost.com\/test\/wp-json\/wp\/v2\/posts"}],"about":[{"href":"https:\/\/zennihost.com\/test\/wp-json\/wp\/v2\/types\/post"}],"replies":[{"embeddable":true,"href":"https:\/\/zennihost.com\/test\/wp-json\/wp\/v2\/comments?post=96781"}],"version-history":[{"count":0,"href":"https:\/\/zennihost.com\/test\/wp-json\/wp\/v2\/posts\/96781\/revisions"}],"wp:attachment":[{"href":"https:\/\/zennihost.com\/test\/wp-json\/wp\/v2\/media?parent=96781"}],"wp:term":[{"taxonomy":"category","embeddable":true,"href":"https:\/\/zennihost.com\/test\/wp-json\/wp\/v2\/categories?post=96781"},{"taxonomy":"post_tag","embeddable":true,"href":"https:\/\/zennihost.com\/test\/wp-json\/wp\/v2\/tags?post=96781"}],"curies":[{"name":"wp","href":"https:\/\/api.w.org\/{rel}","templated":true}]}}