{"id":96780,"date":"2026-08-13T16:48:14","date_gmt":"2026-08-13T16:48:14","guid":{"rendered":"https:\/\/zennihost.com\/test\/2026\/08\/13\/shkrirja-dhe-bashkimi-me-fierin-bashkia-e-patosit-nis-degjesat-publike-per-reformen-territoriale\/"},"modified":"2026-08-13T16:48:14","modified_gmt":"2026-08-13T16:48:14","slug":"shkrirja-dhe-bashkimi-me-fierin-bashkia-e-patosit-nis-degjesat-publike-per-reformen-territoriale","status":"publish","type":"post","link":"https:\/\/zennihost.com\/test\/2026\/08\/13\/shkrirja-dhe-bashkimi-me-fierin-bashkia-e-patosit-nis-degjesat-publike-per-reformen-territoriale\/","title":{"rendered":"Shkrirja dhe bashkimi me Fierin, Bashkia e Patosit nis d\u00ebgjesat publike p\u00ebr reform\u00ebn territoriale"},"content":{"rendered":"<p>Nj\u00eb dit\u00eb pas mbledhjes s\u00eb tensionuar mes Edi Ram\u00ebs dhe disa kryebashkiak\u00ebve t\u00eb majt\u00eb, Bashkia e Patosit ka njoftuar zhvillimin e nj\u00eb d\u00ebgjese publike.<\/p>\n<p>Takimi do t\u00eb fokusohet te reforma e re Administrative-Territoriale dhe e ardhmja e bashkis\u00eb.<\/p>\n<p>Sipas njoftimit zyrtar, konsultimi synon mbledhjen e opinioneve dhe rekomandimeve t\u00eb banor\u00ebve t\u00eb Patosit.<\/p>\n<p>N\u00eb proces pritet t\u00eb p\u00ebrfshihen edhe nj\u00ebsit\u00eb e vet\u00ebqeverisjes vendore, grupet e interesit dhe aktor\u00eb t\u00eb tjer\u00eb.<\/p>\n<p>Bashkia thekson se d\u00ebgjesa synon t\u00eb garantoj\u00eb nj\u00eb proces transparent dhe gjith\u00ebp\u00ebrfshir\u00ebs.<\/p>\n<p>N\u00eb qend\u00ebr t\u00eb diskutimit pritet t\u00eb jet\u00eb reforma Administrative-Territoriale 2.0 dhe m\u00ebnyra e funksionimit t\u00eb saj.<\/p>\n<p>Njoftimi vjen n\u00eb nj\u00eb moment kur debati p\u00ebr riorganizimin territorial ka marr\u00eb nj\u00eb r\u00ebnd\u00ebsi t\u00eb ve\u00e7ant\u00eb n\u00eb vend.<\/p>\n<p>N\u00eb Patos, kund\u00ebrshtimi ndaj ndryshimeve t\u00eb mundshme ka qen\u00eb i fort\u00eb.<\/p>\n<p>Dhjet\u00ebra qytetar\u00eb kan\u00eb protestuar n\u00eb qend\u00ebr t\u00eb qytetit kund\u00ebr \u00e7do propozimi p\u00ebr shkrirjen e Bashkis\u00eb Patos.<\/p>\n<p>Ata kund\u00ebrshtojn\u00eb edhe mund\u00ebsin\u00eb e bashkimit t\u00eb Patosit me Bashkin\u00eb Fier.<\/p>\n<p>Tashm\u00eb, d\u00ebgjesa publike pritet t\u00eb sh\u00ebrbej\u00eb si nj\u00eb tjet\u00ebr platform\u00eb ku banor\u00ebt do t\u00eb shprehin q\u00ebndrimin e tyre.<\/p>\n<p>Vendimi p\u00ebr t\u00eb ardhmen e ndarjes territoriale mbetet pjes\u00eb e nj\u00eb procesi m\u00eb t\u00eb gjer\u00eb konsultimi.<\/p>\n<p>Zhvillimet e ardhshme pritet t\u00eb tregojn\u00eb n\u00ebse propozimet p\u00ebr riorganizimin e Patosit do t\u00eb ndryshojn\u00eb apo do t\u00eb mbeten n\u00eb fuqi.<\/p>\n<p>The post <a href=\"https:\/\/gijotina.com\/patos\/\">Shkrirja dhe bashkimi me Fierin, Bashkia e Patosit nis d\u00ebgjesat publike p\u00ebr reform\u00ebn territoriale<\/a> appeared first on <a href=\"https:\/\/gijotina.com\/\">GIJOTINA<\/a>.<\/p>","protected":false},"excerpt":{"rendered":"<p>Nj\u00eb dit\u00eb pas mbledhjes s\u00eb tensionuar mes Edi Ram\u00ebs dhe disa kryebashkiak\u00ebve t\u00eb majt\u00eb, Bashkia e Patosit ka njoftuar zhvillimin e nj\u00eb d\u00ebgjese publike. Takimi do t\u00eb fokusohet te reforma e re Administrative-Territoriale dhe e ardhmja e bashkis\u00eb. Sipas njoftimit zyrtar, konsultimi synon mbledhjen e opinioneve dhe rekomandimeve t\u00eb banor\u00ebve t\u00eb Patosit. N\u00eb proces pritet [&hellip;]<\/p>\n","protected":false},"author":0,"featured_media":0,"comment_status":"open","ping_status":"open","sticky":false,"template":"","format":"standard","meta":{"footnotes":""},"categories":[1],"tags":[],"class_list":["post-96780","post","type-post","status-publish","format-standard","hentry","category-uncategorized"],"_links":{"self":[{"href":"https:\/\/zennihost.com\/test\/wp-json\/wp\/v2\/posts\/96780","targetHints":{"allow":["GET"]}}],"collection":[{"href":"https:\/\/zennihost.com\/test\/wp-json\/wp\/v2\/posts"}],"about":[{"href":"https:\/\/zennihost.com\/test\/wp-json\/wp\/v2\/types\/post"}],"replies":[{"embeddable":true,"href":"https:\/\/zennihost.com\/test\/wp-json\/wp\/v2\/comments?post=96780"}],"version-history":[{"count":0,"href":"https:\/\/zennihost.com\/test\/wp-json\/wp\/v2\/posts\/96780\/revisions"}],"wp:attachment":[{"href":"https:\/\/zennihost.com\/test\/wp-json\/wp\/v2\/media?parent=96780"}],"wp:term":[{"taxonomy":"category","embeddable":true,"href":"https:\/\/zennihost.com\/test\/wp-json\/wp\/v2\/categories?post=96780"},{"taxonomy":"post_tag","embeddable":true,"href":"https:\/\/zennihost.com\/test\/wp-json\/wp\/v2\/tags?post=96780"}],"curies":[{"name":"wp","href":"https:\/\/api.w.org\/{rel}","templated":true}]}}