{"id":96779,"date":"2026-08-13T15:49:19","date_gmt":"2026-08-13T15:49:19","guid":{"rendered":"https:\/\/zennihost.com\/test\/2026\/08\/13\/kthesa-e-mandatit-te-katert-rama-thirrje-te-rinjve-aplikoni-per-rrjetin-mia-duam-te-dime-cfare-mund-te-behet-me-mire-neser\/"},"modified":"2026-08-13T15:49:19","modified_gmt":"2026-08-13T15:49:19","slug":"kthesa-e-mandatit-te-katert-rama-thirrje-te-rinjve-aplikoni-per-rrjetin-mia-duam-te-dime-cfare-mund-te-behet-me-mire-neser","status":"publish","type":"post","link":"https:\/\/zennihost.com\/test\/2026\/08\/13\/kthesa-e-mandatit-te-katert-rama-thirrje-te-rinjve-aplikoni-per-rrjetin-mia-duam-te-dime-cfare-mund-te-behet-me-mire-neser\/","title":{"rendered":"Kthesa e mandatit t\u00eb kat\u00ebrt \u2013 Rama thirrje t\u00eb rinjve: Aplikoni p\u00ebr Rrjetin MIA, duam t\u00eb dim\u00eb \u00e7far\u00eb mund t\u00eb b\u00ebhet m\u00eb mir\u00eb nes\u00ebr"},"content":{"rendered":"<p>Kryeministri Edi Rama ka publikuar thirrjen e hapur t\u00eb Agjencis\u00eb p\u00ebr Media dhe Informim p\u00ebr krijimin e \u201cRrjetit MIA\u201d, nj\u00eb nism\u00eb q\u00eb synon t\u00eb afroj\u00eb profesionist\u00eb, t\u00eb rinj, ekspert\u00eb dhe krijues q\u00eb duan t\u00eb kontribuojn\u00eb n\u00eb komunikimin publik.<\/p>\n<p>N\u00eb postimin e tij, Rama e prezanton nism\u00ebn si nj\u00eb nga mund\u00ebsit\u00eb q\u00eb hapen n\u00eb kuad\u00ebr t\u00eb ndryshimeve p\u00ebr mandatin e kat\u00ebrt, duke u b\u00ebr\u00eb thirrje t\u00eb interesuarve t\u00eb aplikojn\u00eb.<\/p>\n<p>\u201cRRJETI MIA \u2013 THIRRJE E HAPUR\u201d, shkruan Rama, duke theksuar se nisma ofron dy mund\u00ebsi: \u201cPuno me ne\u201d dhe \u201cBashk\u00ebpuno me ne\u201d.<\/p>\n<p>N\u00eb kuad\u00ebr t\u00eb mund\u00ebsis\u00eb s\u00eb par\u00eb, kandidat\u00ebt mund t\u00eb b\u00ebhen pjes\u00eb e strukturave t\u00eb komunikimit t\u00eb institucioneve qendrore. Nd\u00ebrsa p\u00ebrmes mund\u00ebsis\u00eb s\u00eb dyt\u00eb, t\u00eb interesuarit mund t\u00eb propozojn\u00eb nj\u00eb ide, projekt apo zgjidhje konkrete p\u00ebr p\u00ebrmir\u00ebsimin e m\u00ebnyr\u00ebs se si institucionet komunikojn\u00eb me qytetar\u00ebt.<\/p>\n<p>\u201cN\u00eb kuadrin e ndryshimeve p\u00ebr Kthes\u00ebn e Mandatit t\u00eb Kat\u00ebrt, do t\u00eb hapen dyer t\u00eb reja p\u00ebr ata q\u00eb duan t\u00eb sh\u00ebrbejn\u00eb n\u00eb sektorin publik.<\/p>\n<p>Ky \u00ebsht\u00eb nj\u00ebri nga rastet dhe postohet k\u00ebtu p\u00ebr t\u2019u par\u00eb nga sa m\u00eb shum\u00eb t\u00eb interesuar:<\/p>\n<p>????RRJETI MIA \u2013 THIRRJE E HAPUR<\/p>\n<p>P\u00ebr profesionist\u00eb, t\u00eb rinj, ekspert\u00eb dhe krijues q\u00eb duan t\u00eb kontribuojn\u00eb n\u00eb komunikimin publik.<\/p>\n<p>Agjencia p\u00ebr Media dhe Informim hap:<\/p>\n<p>B\u00ebhu pjes\u00eb e strukturave t\u00eb komunikimit t\u00eb institucioneve qendrore.<\/p>\n<p>Sill nj\u00eb ide, projekt apo zgjidhje konkrete p\u00ebr t\u00eb p\u00ebrmir\u00ebsuar m\u00ebnyr\u00ebn si institucionet komunikojn\u00eb me qytetar\u00ebt.<\/p>\n<p>K\u00ebrkojm\u00eb ide dhe aft\u00ebsi n\u00eb komunikim, media????, rrjete sociale????, teknologji????, inteligjenc\u00eb artificiale????, video????, dizajn, t\u00eb dh\u00ebna dhe formate t\u00eb reja komunikimi.<\/p>\n<p>Informacion i plot\u00eb: https:\/\/mia.gov.al\/rrjeti-mia-nje-thirrje-e-hapur-per\u2026\/<\/p>\n<p>???? Apliko n\u00eb: [email protected]<\/p>\n<p>???? D\u00ebrgo edhe nj\u00eb video deri n\u00eb 60 sekonda ku prezanton iden\u00eb t\u00ebnde.<\/p>\n<p>Nuk duam t\u00eb dim\u00eb vet\u00ebm \u00e7far\u00eb ke b\u00ebr\u00eb deri sot.\u201d  <\/p>","protected":false},"excerpt":{"rendered":"<p>Kryeministri Edi Rama ka publikuar thirrjen e hapur t\u00eb Agjencis\u00eb p\u00ebr Media dhe Informim p\u00ebr krijimin e \u201cRrjetit MIA\u201d, nj\u00eb nism\u00eb q\u00eb synon t\u00eb afroj\u00eb profesionist\u00eb, t\u00eb rinj, ekspert\u00eb dhe krijues q\u00eb duan t\u00eb kontribuojn\u00eb n\u00eb komunikimin publik. N\u00eb postimin e tij, Rama e prezanton nism\u00ebn si nj\u00eb nga mund\u00ebsit\u00eb q\u00eb hapen n\u00eb kuad\u00ebr t\u00eb [&hellip;]<\/p>\n","protected":false},"author":0,"featured_media":0,"comment_status":"open","ping_status":"open","sticky":false,"template":"","format":"standard","meta":{"footnotes":""},"categories":[1],"tags":[],"class_list":["post-96779","post","type-post","status-publish","format-standard","hentry","category-uncategorized"],"_links":{"self":[{"href":"https:\/\/zennihost.com\/test\/wp-json\/wp\/v2\/posts\/96779","targetHints":{"allow":["GET"]}}],"collection":[{"href":"https:\/\/zennihost.com\/test\/wp-json\/wp\/v2\/posts"}],"about":[{"href":"https:\/\/zennihost.com\/test\/wp-json\/wp\/v2\/types\/post"}],"replies":[{"embeddable":true,"href":"https:\/\/zennihost.com\/test\/wp-json\/wp\/v2\/comments?post=96779"}],"version-history":[{"count":0,"href":"https:\/\/zennihost.com\/test\/wp-json\/wp\/v2\/posts\/96779\/revisions"}],"wp:attachment":[{"href":"https:\/\/zennihost.com\/test\/wp-json\/wp\/v2\/media?parent=96779"}],"wp:term":[{"taxonomy":"category","embeddable":true,"href":"https:\/\/zennihost.com\/test\/wp-json\/wp\/v2\/categories?post=96779"},{"taxonomy":"post_tag","embeddable":true,"href":"https:\/\/zennihost.com\/test\/wp-json\/wp\/v2\/tags?post=96779"}],"curies":[{"name":"wp","href":"https:\/\/api.w.org\/{rel}","templated":true}]}}