{"id":96776,"date":"2026-08-13T15:49:18","date_gmt":"2026-08-13T15:49:18","guid":{"rendered":"https:\/\/zennihost.com\/test\/2026\/08\/13\/dy-vatra-zjarri-ne-diber-flaket-jane-perhapur-qe-prej-mengjesit-ne-selishte-perfshihet-dhe-siperfaqja-prane-bulqizes\/"},"modified":"2026-08-13T15:49:18","modified_gmt":"2026-08-13T15:49:18","slug":"dy-vatra-zjarri-ne-diber-flaket-jane-perhapur-qe-prej-mengjesit-ne-selishte-perfshihet-dhe-siperfaqja-prane-bulqizes","status":"publish","type":"post","link":"https:\/\/zennihost.com\/test\/2026\/08\/13\/dy-vatra-zjarri-ne-diber-flaket-jane-perhapur-qe-prej-mengjesit-ne-selishte-perfshihet-dhe-siperfaqja-prane-bulqizes\/","title":{"rendered":"Dy vatra zjarri n\u00eb Dib\u00ebr, flak\u00ebt jan\u00eb p\u00ebrhapur q\u00eb prej m\u00ebngjesit n\u00eb Selisht\u00eb. P\u00ebrfshihet dhe sip\u00ebrfaqja pran\u00eb Bulqiz\u00ebs"},"content":{"rendered":"<p>Dy vatra zjarri jan\u00eb aktive n\u00eb qarkun Dib\u00ebr, nj\u00ebra n\u00eb Selisht\u00eb t\u00eb Bashkis\u00eb Dib\u00ebr dhe tjetra n\u00eb territorin e Bashkis\u00eb Bulqiz\u00eb. Flak\u00ebt n\u00eb Selisht\u00eb kan\u00eb nisur q\u00eb n\u00eb or\u00ebt e para t\u00eb m\u00ebngjesit dhe vijojn\u00eb t\u00eb jen\u00eb aktive.<\/p>\n<p>N\u00eb terren jan\u00eb angazhuar punonj\u00ebs t\u00eb Bashkive Dib\u00ebr dhe Bulqiz\u00eb, Forcat e Armatosura, Policia e Shtetit, strukturat e Emergjencave Civile dhe banor\u00eb t\u00eb zon\u00ebs.<\/p>\n<p>Nd\u00ebrhyrja po kryhet n\u00eb kushte t\u00eb v\u00ebshtira p\u00ebr shkak t\u00eb terrenit, ku mjetet zjarrfik\u00ebse kan\u00eb v\u00ebshtir\u00ebsi n\u00eb l\u00ebvizje dhe afrimin pran\u00eb vatrave.<br \/>\nSituata komplikohet edhe nga era e fort\u00eb, e cila favorizon p\u00ebrhapjen e zjarrit dhe e b\u00ebn m\u00eb t\u00eb v\u00ebshtir\u00eb izolimin e flak\u00ebve.<\/p>\n<p>Nj\u00eb tjet\u00ebr vat\u00ebr \u00ebsht\u00eb raportuar n\u00eb Qaf\u00ebn e Helmes, n\u00eb Nj\u00ebsin\u00eb Administrative Fush\u00eb-Bulqiz\u00eb, pran\u00eb kufirit me Selisht\u00ebn.<\/p>\n<p>P\u00ebr p\u00ebrballimin e k\u00ebsaj vatre jan\u00eb angazhuar edhe forcat zjarrfik\u00ebse t\u00eb Bashkis\u00eb Bulqiz\u00eb. Ekipet n\u00eb terren po vijojn\u00eb pun\u00ebn p\u00ebr izolimin dhe shuarjen e zjarreve.<\/p>","protected":false},"excerpt":{"rendered":"<p>Dy vatra zjarri jan\u00eb aktive n\u00eb qarkun Dib\u00ebr, nj\u00ebra n\u00eb Selisht\u00eb t\u00eb Bashkis\u00eb Dib\u00ebr dhe tjetra n\u00eb territorin e Bashkis\u00eb Bulqiz\u00eb. Flak\u00ebt n\u00eb Selisht\u00eb kan\u00eb nisur q\u00eb n\u00eb or\u00ebt e para t\u00eb m\u00ebngjesit dhe vijojn\u00eb t\u00eb jen\u00eb aktive. N\u00eb terren jan\u00eb angazhuar punonj\u00ebs t\u00eb Bashkive Dib\u00ebr dhe Bulqiz\u00eb, Forcat e Armatosura, Policia e Shtetit, strukturat [&hellip;]<\/p>\n","protected":false},"author":0,"featured_media":0,"comment_status":"open","ping_status":"open","sticky":false,"template":"","format":"standard","meta":{"footnotes":""},"categories":[1],"tags":[],"class_list":["post-96776","post","type-post","status-publish","format-standard","hentry","category-uncategorized"],"_links":{"self":[{"href":"https:\/\/zennihost.com\/test\/wp-json\/wp\/v2\/posts\/96776","targetHints":{"allow":["GET"]}}],"collection":[{"href":"https:\/\/zennihost.com\/test\/wp-json\/wp\/v2\/posts"}],"about":[{"href":"https:\/\/zennihost.com\/test\/wp-json\/wp\/v2\/types\/post"}],"replies":[{"embeddable":true,"href":"https:\/\/zennihost.com\/test\/wp-json\/wp\/v2\/comments?post=96776"}],"version-history":[{"count":0,"href":"https:\/\/zennihost.com\/test\/wp-json\/wp\/v2\/posts\/96776\/revisions"}],"wp:attachment":[{"href":"https:\/\/zennihost.com\/test\/wp-json\/wp\/v2\/media?parent=96776"}],"wp:term":[{"taxonomy":"category","embeddable":true,"href":"https:\/\/zennihost.com\/test\/wp-json\/wp\/v2\/categories?post=96776"},{"taxonomy":"post_tag","embeddable":true,"href":"https:\/\/zennihost.com\/test\/wp-json\/wp\/v2\/tags?post=96776"}],"curies":[{"name":"wp","href":"https:\/\/api.w.org\/{rel}","templated":true}]}}