{"id":96775,"date":"2026-08-13T15:49:16","date_gmt":"2026-08-13T15:49:16","guid":{"rendered":"https:\/\/zennihost.com\/test\/2026\/08\/13\/prane-novoseles-bien-nga-kamioni-ne-rruge-materialet-e-ndertimit-bllokohet-nje-korsi-ne-aksin-vlore-fier\/"},"modified":"2026-08-13T15:49:16","modified_gmt":"2026-08-13T15:49:16","slug":"prane-novoseles-bien-nga-kamioni-ne-rruge-materialet-e-ndertimit-bllokohet-nje-korsi-ne-aksin-vlore-fier","status":"publish","type":"post","link":"https:\/\/zennihost.com\/test\/2026\/08\/13\/prane-novoseles-bien-nga-kamioni-ne-rruge-materialet-e-ndertimit-bllokohet-nje-korsi-ne-aksin-vlore-fier\/","title":{"rendered":"Pran\u00eb Novosel\u00ebs\/ Bien nga kamioni n\u00eb rrug\u00eb materialet e nd\u00ebrtimit, bllokohet nj\u00eb korsi n\u00eb aksin Vlor\u00eb-Fier"},"content":{"rendered":"<p>Nj\u00eb incident \u00ebsht\u00eb sh\u00ebnuar n\u00eb aksin rrugor Vlor\u00eb-Fier, pran\u00eb zon\u00ebs s\u00eb Novosel\u00ebs, ku nj\u00eb sasi materialesh nd\u00ebrtimi ka r\u00ebn\u00eb n\u00eb shiritin e l\u00ebvizjes.<\/p>\n<p>P\u00ebr pasoj\u00eb, nj\u00ebra nga korsit\u00eb e qarkullimit \u00ebsht\u00eb bllokuar p\u00ebrkoh\u00ebsisht.<\/p>\n<p>Fatmir\u00ebsisht, n\u00eb momentin e r\u00ebnies s\u00eb materialeve n\u00eb rrug\u00eb, drejtuesit e mjeteve q\u00eb po kalonin n\u00eb at\u00eb segment kan\u00eb reaguar me shpejt\u00ebsi duke b\u00ebr\u00eb manovrat e nevojshme p\u00ebr t\u2019i shmangur ato n\u00eb koh\u00eb.<\/p>\n<p>Nga kjo ngjarje nuk raportohet p\u00ebr persona t\u00eb l\u00ebnduar apo mjete t\u00eb d\u00ebmtuara.<\/p>\n<p>Nd\u00ebrkoh\u00eb, pritet nd\u00ebrhyrja e autoriteteve dhe sh\u00ebrbimeve p\u00ebrkat\u00ebse p\u00ebr pastrimin e t\u00ebr\u00ebsish\u00ebm t\u00eb aksit dhe rikthimin e qarkullimit t\u00eb automjeteve.<\/p>\n<p>\u00a0<\/p>\n<p>\u00a0<\/p>\n<p>The post <a href=\"https:\/\/gijotina.com\/incidenti-35\/\">Pran\u00eb Novosel\u00ebs\/ Bien nga kamioni n\u00eb rrug\u00eb materialet e nd\u00ebrtimit, bllokohet nj\u00eb korsi n\u00eb aksin Vlor\u00eb-Fier<\/a> appeared first on <a href=\"https:\/\/gijotina.com\/\">GIJOTINA<\/a>.<\/p>","protected":false},"excerpt":{"rendered":"<p>Nj\u00eb incident \u00ebsht\u00eb sh\u00ebnuar n\u00eb aksin rrugor Vlor\u00eb-Fier, pran\u00eb zon\u00ebs s\u00eb Novosel\u00ebs, ku nj\u00eb sasi materialesh nd\u00ebrtimi ka r\u00ebn\u00eb n\u00eb shiritin e l\u00ebvizjes. P\u00ebr pasoj\u00eb, nj\u00ebra nga korsit\u00eb e qarkullimit \u00ebsht\u00eb bllokuar p\u00ebrkoh\u00ebsisht. Fatmir\u00ebsisht, n\u00eb momentin e r\u00ebnies s\u00eb materialeve n\u00eb rrug\u00eb, drejtuesit e mjeteve q\u00eb po kalonin n\u00eb at\u00eb segment kan\u00eb reaguar me shpejt\u00ebsi [&hellip;]<\/p>\n","protected":false},"author":0,"featured_media":0,"comment_status":"open","ping_status":"open","sticky":false,"template":"","format":"standard","meta":{"footnotes":""},"categories":[1],"tags":[],"class_list":["post-96775","post","type-post","status-publish","format-standard","hentry","category-uncategorized"],"_links":{"self":[{"href":"https:\/\/zennihost.com\/test\/wp-json\/wp\/v2\/posts\/96775","targetHints":{"allow":["GET"]}}],"collection":[{"href":"https:\/\/zennihost.com\/test\/wp-json\/wp\/v2\/posts"}],"about":[{"href":"https:\/\/zennihost.com\/test\/wp-json\/wp\/v2\/types\/post"}],"replies":[{"embeddable":true,"href":"https:\/\/zennihost.com\/test\/wp-json\/wp\/v2\/comments?post=96775"}],"version-history":[{"count":0,"href":"https:\/\/zennihost.com\/test\/wp-json\/wp\/v2\/posts\/96775\/revisions"}],"wp:attachment":[{"href":"https:\/\/zennihost.com\/test\/wp-json\/wp\/v2\/media?parent=96775"}],"wp:term":[{"taxonomy":"category","embeddable":true,"href":"https:\/\/zennihost.com\/test\/wp-json\/wp\/v2\/categories?post=96775"},{"taxonomy":"post_tag","embeddable":true,"href":"https:\/\/zennihost.com\/test\/wp-json\/wp\/v2\/tags?post=96775"}],"curies":[{"name":"wp","href":"https:\/\/api.w.org\/{rel}","templated":true}]}}