{"id":96774,"date":"2026-08-13T15:49:16","date_gmt":"2026-08-13T15:49:16","guid":{"rendered":"https:\/\/zennihost.com\/test\/2026\/08\/13\/kercenuan-te-moshuaren-per-1-5-milione-euro-denohen-tre-shqiptaret-ne-austri-njeri-me-burgim-te-perjetshem\/"},"modified":"2026-08-13T15:49:16","modified_gmt":"2026-08-13T15:49:16","slug":"kercenuan-te-moshuaren-per-1-5-milione-euro-denohen-tre-shqiptaret-ne-austri-njeri-me-burgim-te-perjetshem","status":"publish","type":"post","link":"https:\/\/zennihost.com\/test\/2026\/08\/13\/kercenuan-te-moshuaren-per-1-5-milione-euro-denohen-tre-shqiptaret-ne-austri-njeri-me-burgim-te-perjetshem\/","title":{"rendered":"K\u00ebrc\u00ebnuan t\u00eb moshuar\u00ebn p\u00ebr 1.5 milion\u00eb euro\/ D\u00ebnohen tre shqiptar\u00ebt n\u00eb Austri, nj\u00ebri me burgim t\u00eb p\u00ebrjetsh\u00ebm"},"content":{"rendered":"<p>Tre shqiptar\u00eb jan\u00eb d\u00ebnuar nga nj\u00eb gjykat\u00eb n\u00eb Austri p\u00ebr nj\u00eb grabitje t\u00eb planifikuar n\u00eb nj\u00eb banes\u00eb n\u00eb Amstetten.<\/p>\n<p>Sipas mediave austriake, dy prej t\u00eb d\u00ebnuarve jan\u00eb me origjin\u00eb nga Kosova, nd\u00ebrsa nj\u00eb 58-vje\u00e7ar \u00ebsht\u00eb d\u00ebnuar me burgim t\u00eb p\u00ebrjetsh\u00ebm.<\/p>\n<p>Ky i fundit akuzohet p\u00ebr dy tentativa vrasjeje dhe arm\u00ebmbajtje pa leje.<\/p>\n<p>Dy bashk\u00ebpun\u00ebtor\u00ebt e tij jan\u00eb d\u00ebnuar me nga kat\u00ebr vite burg, vendime q\u00eb tashm\u00eb kan\u00eb marr\u00eb form\u00eb t\u00eb prer\u00eb.<\/p>\n<p>Ngjarja ndodhi rreth nj\u00eb vit m\u00eb par\u00eb, kur grabit\u00ebsit hyn\u00eb n\u00eb banes\u00ebn e nj\u00eb \u00e7ifti, duke besuar se aty fshiheshin 1.5 milion\u00eb euro.<\/p>\n<p>N\u00eb banes\u00eb ndodhej nj\u00eb e moshuar, t\u00eb cil\u00ebn autor\u00ebt e mbajt\u00ebn n\u00ebn kontroll dhe e k\u00ebrc\u00ebnuan me lev\u00eb hekuri e lidh\u00ebse plastike.<\/p>\n<p>Dy prej tyre kontrolluan banes\u00ebn p\u00ebr para dhe sende me vler\u00eb, nd\u00ebrsa grabitja u nd\u00ebrpre nga mb\u00ebrritja e policis\u00eb.<\/p>\n<p>Nj\u00ebri prej autor\u00ebve u p\u00ebrfshi n\u00eb shk\u00ebmbim zjarri me efektiv\u00ebt, nd\u00ebrsa m\u00eb pas u arrestua bashk\u00eb me nj\u00eb tjet\u00ebr t\u00eb dyshuar.<\/p>\n<p>I treti arriti t\u00eb largohej, por u arrestua pas tri dit\u00ebsh. N\u00eb \u00e7ant\u00ebn e tij u gjet\u00ebn radio komunikimi, shirit ngjit\u00ebs dhe targa automjetesh.<\/p>\n<p>Prokuroria i cil\u00ebsoi k\u00ebto sende si prova se grabitja ishte planifikuar me kujdes.<\/p>\n<p>T\u00eb tre t\u00eb pandehurit pranuan akuzat p\u00ebr grabitje, nd\u00ebrsa mbrojtja pretendoi se nuk kishin pasur q\u00ebllim t\u00eb ushtronin dhun\u00eb ndaj t\u00eb moshuar\u00ebs.<\/p>\n<p>Pas ngjarjes, pensionistja p\u00ebsoi pasoja t\u00eb r\u00ebnda psikologjike, p\u00ebrfshir\u00eb \u00e7rregullimin e stresit post-traumatik.<\/p>\n<p>Gjykata vendosi t\u2019i akordoj\u00eb asaj 7,050 euro d\u00ebmshp\u00ebrblim, nd\u00ebrsa dy polic\u00ebt e p\u00ebrfshir\u00eb n\u00eb incident do t\u00eb marrin nga 5,000 euro secili.<\/p>\n<p>\u00a0<\/p>\n<p>The post <a href=\"https:\/\/gijotina.com\/denimi-tre-shqiptareve\/\">K\u00ebrc\u00ebnuan t\u00eb moshuar\u00ebn p\u00ebr 1.5 milion\u00eb euro\/ D\u00ebnohen tre shqiptar\u00ebt n\u00eb Austri, nj\u00ebri me burgim t\u00eb p\u00ebrjetsh\u00ebm<\/a> appeared first on <a href=\"https:\/\/gijotina.com\/\">GIJOTINA<\/a>.<\/p>","protected":false},"excerpt":{"rendered":"<p>Tre shqiptar\u00eb jan\u00eb d\u00ebnuar nga nj\u00eb gjykat\u00eb n\u00eb Austri p\u00ebr nj\u00eb grabitje t\u00eb planifikuar n\u00eb nj\u00eb banes\u00eb n\u00eb Amstetten. Sipas mediave austriake, dy prej t\u00eb d\u00ebnuarve jan\u00eb me origjin\u00eb nga Kosova, nd\u00ebrsa nj\u00eb 58-vje\u00e7ar \u00ebsht\u00eb d\u00ebnuar me burgim t\u00eb p\u00ebrjetsh\u00ebm. Ky i fundit akuzohet p\u00ebr dy tentativa vrasjeje dhe arm\u00ebmbajtje pa leje. Dy bashk\u00ebpun\u00ebtor\u00ebt e [&hellip;]<\/p>\n","protected":false},"author":0,"featured_media":0,"comment_status":"open","ping_status":"open","sticky":false,"template":"","format":"standard","meta":{"footnotes":""},"categories":[1],"tags":[],"class_list":["post-96774","post","type-post","status-publish","format-standard","hentry","category-uncategorized"],"_links":{"self":[{"href":"https:\/\/zennihost.com\/test\/wp-json\/wp\/v2\/posts\/96774","targetHints":{"allow":["GET"]}}],"collection":[{"href":"https:\/\/zennihost.com\/test\/wp-json\/wp\/v2\/posts"}],"about":[{"href":"https:\/\/zennihost.com\/test\/wp-json\/wp\/v2\/types\/post"}],"replies":[{"embeddable":true,"href":"https:\/\/zennihost.com\/test\/wp-json\/wp\/v2\/comments?post=96774"}],"version-history":[{"count":0,"href":"https:\/\/zennihost.com\/test\/wp-json\/wp\/v2\/posts\/96774\/revisions"}],"wp:attachment":[{"href":"https:\/\/zennihost.com\/test\/wp-json\/wp\/v2\/media?parent=96774"}],"wp:term":[{"taxonomy":"category","embeddable":true,"href":"https:\/\/zennihost.com\/test\/wp-json\/wp\/v2\/categories?post=96774"},{"taxonomy":"post_tag","embeddable":true,"href":"https:\/\/zennihost.com\/test\/wp-json\/wp\/v2\/tags?post=96774"}],"curies":[{"name":"wp","href":"https:\/\/api.w.org\/{rel}","templated":true}]}}