{"id":96772,"date":"2026-08-13T15:49:15","date_gmt":"2026-08-13T15:49:15","guid":{"rendered":"https:\/\/zennihost.com\/test\/2026\/08\/13\/konflikt-ne-familje-ne-durres-burri-plagos-me-thike-bashkeshorten\/"},"modified":"2026-08-13T15:49:15","modified_gmt":"2026-08-13T15:49:15","slug":"konflikt-ne-familje-ne-durres-burri-plagos-me-thike-bashkeshorten","status":"publish","type":"post","link":"https:\/\/zennihost.com\/test\/2026\/08\/13\/konflikt-ne-familje-ne-durres-burri-plagos-me-thike-bashkeshorten\/","title":{"rendered":"Konflikt n\u00eb familje n\u00eb Durr\u00ebs, burri plagos me thik\u00eb bashk\u00ebshorten"},"content":{"rendered":"<p>Nj\u00eb konflikt mes nj\u00eb \u00e7ifti bashk\u00ebshort\u00ebsh ka p\u00ebrfunduar me plagosjen e nj\u00eb gruaje n\u00eb Shkozet t\u00eb Durr\u00ebsit.<\/p>\n<p>Ngjarja \u00ebsht\u00eb regjistruar pasditen e sotme, kur pas nj\u00eb konflikti n\u00eb familje, burri dyshohet se ka p\u00ebrdorur thik\u00ebn ndaj bashk\u00ebshortes s\u00eb tij, duke e plagosur n\u00eb trup.<\/p>\n<p>Pas alarmit p\u00ebr ngjarjen, n\u00eb adres\u00eb kan\u00eb mb\u00ebrritur sh\u00ebrbimet e Policis\u00eb dhe nj\u00eb ambulanc\u00eb.<\/p>\n<p>Gruaja \u00ebsht\u00eb marr\u00eb nga vendngjarja dhe \u00ebsht\u00eb transportuar n\u00eb spitalin e Durr\u00ebsit, ku po merr ndihm\u00ebn mjek\u00ebsore.<\/p>\n<p>Rrethanat e sakta t\u00eb konfliktit dhe motivet q\u00eb \u00e7uan n\u00eb p\u00ebrdorimin e thik\u00ebs nuk jan\u00eb ende t\u00eb qarta.<\/p>\n<p>Policia ka nisur veprimet p\u00ebr zbardhjen e plot\u00eb t\u00eb ngjarjes dhe dokumentimin e saj.<\/p>\n<p>The post <a href=\"https:\/\/gijotina.com\/konflikt-ne-familje\/\">Konflikt n\u00eb familje n\u00eb Durr\u00ebs, burri plagos me thik\u00eb bashk\u00ebshorten<\/a> appeared first on <a href=\"https:\/\/gijotina.com\/\">GIJOTINA<\/a>.<\/p>","protected":false},"excerpt":{"rendered":"<p>Nj\u00eb konflikt mes nj\u00eb \u00e7ifti bashk\u00ebshort\u00ebsh ka p\u00ebrfunduar me plagosjen e nj\u00eb gruaje n\u00eb Shkozet t\u00eb Durr\u00ebsit. Ngjarja \u00ebsht\u00eb regjistruar pasditen e sotme, kur pas nj\u00eb konflikti n\u00eb familje, burri dyshohet se ka p\u00ebrdorur thik\u00ebn ndaj bashk\u00ebshortes s\u00eb tij, duke e plagosur n\u00eb trup. Pas alarmit p\u00ebr ngjarjen, n\u00eb adres\u00eb kan\u00eb mb\u00ebrritur sh\u00ebrbimet e Policis\u00eb [&hellip;]<\/p>\n","protected":false},"author":0,"featured_media":0,"comment_status":"open","ping_status":"open","sticky":false,"template":"","format":"standard","meta":{"footnotes":""},"categories":[1],"tags":[],"class_list":["post-96772","post","type-post","status-publish","format-standard","hentry","category-uncategorized"],"_links":{"self":[{"href":"https:\/\/zennihost.com\/test\/wp-json\/wp\/v2\/posts\/96772","targetHints":{"allow":["GET"]}}],"collection":[{"href":"https:\/\/zennihost.com\/test\/wp-json\/wp\/v2\/posts"}],"about":[{"href":"https:\/\/zennihost.com\/test\/wp-json\/wp\/v2\/types\/post"}],"replies":[{"embeddable":true,"href":"https:\/\/zennihost.com\/test\/wp-json\/wp\/v2\/comments?post=96772"}],"version-history":[{"count":0,"href":"https:\/\/zennihost.com\/test\/wp-json\/wp\/v2\/posts\/96772\/revisions"}],"wp:attachment":[{"href":"https:\/\/zennihost.com\/test\/wp-json\/wp\/v2\/media?parent=96772"}],"wp:term":[{"taxonomy":"category","embeddable":true,"href":"https:\/\/zennihost.com\/test\/wp-json\/wp\/v2\/categories?post=96772"},{"taxonomy":"post_tag","embeddable":true,"href":"https:\/\/zennihost.com\/test\/wp-json\/wp\/v2\/tags?post=96772"}],"curies":[{"name":"wp","href":"https:\/\/api.w.org\/{rel}","templated":true}]}}