{"id":96771,"date":"2026-08-13T14:48:17","date_gmt":"2026-08-13T14:48:17","guid":{"rendered":"https:\/\/zennihost.com\/test\/2026\/08\/13\/kush-e-rrahu-nenad-raskovicin\/"},"modified":"2026-08-13T14:48:17","modified_gmt":"2026-08-13T14:48:17","slug":"kush-e-rrahu-nenad-raskovicin","status":"publish","type":"post","link":"https:\/\/zennihost.com\/test\/2026\/08\/13\/kush-e-rrahu-nenad-raskovicin\/","title":{"rendered":"Kush e rrahu Nenad Ra\u0161kovi\u0107in?"},"content":{"rendered":"<p>Autoritet e Kosov\u00ebs duhet urgjentisht t\u00eb hetojn\u00eb dhe ndri\u00e7ojn\u00eb rastin e keqtrajtimit t\u00eb Nenad Ra\u0161kovi\u0107it nga fshati Dren i Zubin Potokut. N\u00ebse k\u00ebt\u00eb e ka b\u00ebr\u00eb ndonj\u00eb pjes\u00ebtar i policis\u00eb s\u00eb Kosov\u00ebs, konsekuencat duhet t\u00eb jen\u00eb t\u00eb pam\u00ebshirshme. N\u00eb qoft\u00eb se e t\u00ebra \u00ebsht\u00eb inskenim p\u00ebr loj\u00ebra parapolitike nga pala serbe, at\u00ebher\u00eb fatur\u00ebn duhet ta paguajn\u00eb ata q\u00eb manipulojn\u00eb.<\/p>\n<p>Nga Enver Robelli<\/p>\n<p>1.<\/p>\n<p>\u201cM\u00eb vendos\u00ebn prangat dhe m\u00eb d\u00ebrguan n\u00eb mal. Atje m\u00eb rr\u00ebzuan p\u00ebr tok\u00eb\u2026 m\u00eb lidh\u00ebn p\u00ebr nj\u00eb ah. Atje m\u00eb rrah\u00ebn\u201d. K\u00ebshtu ka treguar Nenad Ra\u0161kovi\u0107 p\u00ebr Radio Kontakt Plus. K\u00ebshtu raportojn\u00eb edhe portale q\u00eb informojn\u00eb komunitetin serb t\u00eb Kosov\u00ebs. Ra\u0161kovi\u0107 e ka fjal\u00ebn p\u00ebr Policin\u00eb e Kosov\u00ebs. Ai pretendon se \u00ebsht\u00eb keqtrajtuar pas kontrollit n\u00eb sht\u00ebpin\u00eb e tij, pastaj \u00ebsht\u00eb d\u00ebrguar n\u00eb mal, ku \u00ebsht\u00eb rrahur po ashtu. Ai thot\u00eb se ka frik\u00eb, tregon se polic\u00ebt i pask\u00ebshin th\u00ebn\u00eb bashk\u00ebshortes s\u00eb tij, e cila \u00ebsht\u00eb shqiptare, se do ta \u201ekthejn\u00eb n\u00eb Shqip\u00ebri\u201c. Rastin e Nenad Ra\u0161kovi\u0107it e ka b\u00ebr\u00eb s\u00eb pari publik Lista Serbe.<\/p>\n<p>2.<\/p>\n<p>Duke qen\u00eb nj\u00eb organizat\u00eb politiko-paramilitare e dirigjuar drejtp\u00ebrdrejt nga sh\u00ebrbimet sekrete t\u00eb Beogradit, \u00e7do pretendim i List\u00ebs Serbe duhet t\u00eb merret me rezerv\u00ebn m\u00eb t\u00eb madhe, p\u00ebrfshir\u00eb edhe fotografit\u00eb e publikuara nga kjo \u201cparti\u201d, ku shihet nj\u00eb serb, si\u00e7 thuhet, i keqtrajtuar r\u00ebnd\u00eb nga Policia e Kosov\u00ebs. Pamjet jan\u00eb v\u00ebrtet t\u00eb r\u00ebnda.<\/p>\n<p>Policia e Kosov\u00ebs, p\u00ebrmes z\u00ebvend\u00ebskomandantit p\u00ebr rajonin e veriut, Veton Elshani, ka b\u00ebr\u00eb t\u00eb ditur se \u201cnuk kemi informacione se policia ka keqtrajtuar ndok\u00ebnd\u201d, por ka njoftuar se me rastin do t\u00eb merret Inspektorati Policor i Kosov\u00ebs. Ky institucion ka mandat t\u00eb inspektoj\u00eb Policin\u00eb e Kosov\u00ebs.<\/p>\n<p>Kjo \u00ebsht\u00eb urgjentisht e nevojshme. Rasti duhet t\u00eb sqarohet sa m\u00eb shpejt dhe pa asnj\u00eb ngurrim, me t\u00eb gjitha pasojat q\u00eb mund t\u00eb dalin prej tij. N\u00ebse Policia e Kosov\u00ebs \u00ebsht\u00eb e p\u00ebrfshir\u00eb n\u00eb k\u00ebt\u00eb rast, nd\u00ebshkimi duhet t\u00eb prek\u00eb nivelet m\u00eb t\u00eb larta t\u00eb p\u00ebrgjegj\u00ebsis\u00eb dhe komand\u00ebs. N\u00ebse Lista Serbe ka g\u00ebnjyer opinionin duke riprodhuar nj\u00eb rast t\u00eb ri \u201cGjorgje Martinoviq\u201d, nuk duhet t\u00eb pres\u00eb m\u00ebshir\u00eb.<\/p>\n<p>Q\u00eb n\u00eb vitin 2013, pra para 13 viteve, Aleksandar Vu\u00e7iqi, at\u00ebher\u00eb Minist\u00ebr i Mbrojtjes dhe shef i t\u00eb t\u00eb gjitha sh\u00ebrbimeve sekrete serbe, pati th\u00ebn\u00eb se vrasjen e 6 t\u00eb rinjve serb\u00eb n\u00eb Pej\u00eb, n\u00eb kafeterin\u00eb \u201cPanda\u201d, n\u00eb vitin 1998, nuk e kan\u00eb kryer shqiptar\u00ebt. Q\u00eb nga at\u00ebher\u00eb familjet e viktimave presin p\u00ebrgjigje p\u00ebr k\u00ebt\u00eb krim monstruoz, q\u00eb i ngjan nj\u00eb vepre t\u00eb mir\u00eborganizuar t\u00eb sh\u00ebrbimeve sekrete t\u00eb Beogradit p\u00ebr t\u00eb acaruar edhe m\u00eb shum\u00eb situat\u00ebn n\u00eb Kosov\u00eb dhe ashp\u00ebrsuar represionin kund\u00ebr popullsis\u00eb shqiptare. Rezultati i k\u00ebtij represioni dihet.<\/p>\n<p>3.<\/p>\n<p>Kushdo q\u00eb luan me zjarr, mos t\u00eb befasohet n\u00ebse digjet. Askush \u2013 asnj\u00eb serb, asnj\u00eb rom, asnj\u00eb shqiptar \u2013 nuk guxon t\u00eb keqtrajtohet nga Policia e Kosov\u00ebs. Shqiptar\u00ebt, si shumic\u00eb n\u00eb Kosov\u00eb, duhet t\u00eb sillen me p\u00ebrgjegj\u00ebsi shtet\u00ebrore ndaj \u00e7do komuniteti. Nuk \u00ebsht\u00eb kurrfar\u00eb patriotizmi t\u00eb vendos\u00ebsh flamuj komb\u00ebtar\u00eb ose flamuj t\u00eb U\u00c7K-s\u00eb n\u00eb ndonj\u00eb kish\u00eb serbe, si\u00e7 b\u00ebri vaki k\u00ebto dit\u00eb n\u00eb nj\u00eb komun\u00eb t\u00eb Kosov\u00ebs. Kush e b\u00ebn k\u00ebt\u00eb, n\u00ebn\u00e7mon vet\u00eb iden\u00eb e luft\u00ebs \u00e7lirimtare \u2013 dhe kjo ide ka qen\u00eb barazia e t\u00eb gjith\u00eb qytetar\u00ebve t\u00eb Kosov\u00ebs.<\/p>\n<p>E shoh tep\u00ebr problematik dhe t\u00eb panevojsh\u00ebm edhe organizimin e koncerteve triumfaliste t\u00eb shqiptar\u00ebve n\u00eb veri t\u00eb Mitrovic\u00ebs. Kjo nuk ka t\u00eb b\u00ebj\u00eb aspak me patriotiz\u00ebm, por vet\u00ebm me inskenime qesharake t\u00eb \u201cBruce Leeve\u201d shqiptar\u00eb pa muskuj, q\u00eb p\u00ebrdridhen si deputet\u00eb t\u00eb VV-s\u00eb. Udh\u00ebheq\u00ebsit e k\u00ebsaj partie duhet t\u00eb jen\u00eb t\u00eb vet\u00ebdijsh\u00ebm p\u00ebr pesh\u00ebn e situat\u00ebs.<\/p>\n<p>4.<\/p>\n<p>\u00cbsht\u00eb koh\u00eb e v\u00ebshtir\u00eb, koh\u00eb emocionesh dhe dhimbjesh pas lajmeve p\u00ebr zbulimin e varrezave masive me viktima shqiptare n\u00eb veri t\u00eb vendit. Respekti m\u00eb i madh k\u00ebtyre viktimave u b\u00ebhet duke mos e ashp\u00ebrsuar gjuh\u00ebn dhe gjestet. Me r\u00ebnd\u00ebsi \u00ebsht\u00eb t\u00eb punohet profesionalisht n\u00eb identifikimin e viktimave.<\/p>\n<p>Nga mesi i shtatorit pritet shpallja e aktgjykimit n\u00eb Hag\u00eb ndaj ish-udh\u00ebheq\u00ebsve politiko-ushtarak\u00eb t\u00eb U\u00c7K-s\u00eb. N\u00eb prag t\u00eb k\u00ebsaj ngjarjeje, secili i ndihmon Kosov\u00ebs duke ruajtur gjakftoht\u00ebsin\u00eb dhe duke u kujdesur q\u00eb \u00e7do reagim a zem\u00ebrim, sado i kuptuesh\u00ebm t\u00eb jet\u00eb, t\u00eb mos i b\u00ebj\u00eb d\u00ebm shtetit t\u00eb Kosov\u00ebs dhe atyre q\u00eb kan\u00eb q\u00ebndruar n\u00eb Hag\u00eb. Ka mjaft sh\u00ebrbime armiq\u00ebsore, mjaft huligan\u00eb digjital\u00eb, por edhe mjaft hajvan\u00eb t\u00eb rrjeteve sociale q\u00eb posht\u00ebrsit\u00eb e tyre t\u00eb dikurshme biografike duan t\u2019i \u201cmonetarizojn\u00eb\u201d tani, duke u hequr si mb\u00ebshtet\u00ebs t\u00eb U\u00c7K-s\u00eb. Nuk keni qen\u00eb. Mos e f\u00eblliqni Kosov\u00ebn dhe nderin e atyre q\u00eb ran\u00eb p\u00ebr lirin\u00eb e vendit.<\/p>","protected":false},"excerpt":{"rendered":"<p>Autoritet e Kosov\u00ebs duhet urgjentisht t\u00eb hetojn\u00eb dhe ndri\u00e7ojn\u00eb rastin e keqtrajtimit t\u00eb Nenad Ra\u0161kovi\u0107it nga fshati Dren i Zubin Potokut. N\u00ebse k\u00ebt\u00eb e ka b\u00ebr\u00eb ndonj\u00eb pjes\u00ebtar i policis\u00eb s\u00eb Kosov\u00ebs, konsekuencat duhet t\u00eb jen\u00eb t\u00eb pam\u00ebshirshme. N\u00eb qoft\u00eb se e t\u00ebra \u00ebsht\u00eb inskenim p\u00ebr loj\u00ebra parapolitike nga pala serbe, at\u00ebher\u00eb fatur\u00ebn duhet ta [&hellip;]<\/p>\n","protected":false},"author":0,"featured_media":0,"comment_status":"open","ping_status":"open","sticky":false,"template":"","format":"standard","meta":{"footnotes":""},"categories":[1],"tags":[],"class_list":["post-96771","post","type-post","status-publish","format-standard","hentry","category-uncategorized"],"_links":{"self":[{"href":"https:\/\/zennihost.com\/test\/wp-json\/wp\/v2\/posts\/96771","targetHints":{"allow":["GET"]}}],"collection":[{"href":"https:\/\/zennihost.com\/test\/wp-json\/wp\/v2\/posts"}],"about":[{"href":"https:\/\/zennihost.com\/test\/wp-json\/wp\/v2\/types\/post"}],"replies":[{"embeddable":true,"href":"https:\/\/zennihost.com\/test\/wp-json\/wp\/v2\/comments?post=96771"}],"version-history":[{"count":0,"href":"https:\/\/zennihost.com\/test\/wp-json\/wp\/v2\/posts\/96771\/revisions"}],"wp:attachment":[{"href":"https:\/\/zennihost.com\/test\/wp-json\/wp\/v2\/media?parent=96771"}],"wp:term":[{"taxonomy":"category","embeddable":true,"href":"https:\/\/zennihost.com\/test\/wp-json\/wp\/v2\/categories?post=96771"},{"taxonomy":"post_tag","embeddable":true,"href":"https:\/\/zennihost.com\/test\/wp-json\/wp\/v2\/tags?post=96771"}],"curies":[{"name":"wp","href":"https:\/\/api.w.org\/{rel}","templated":true}]}}