{"id":96768,"date":"2026-08-13T14:48:15","date_gmt":"2026-08-13T14:48:15","guid":{"rendered":"https:\/\/zennihost.com\/test\/2026\/08\/13\/socialistet-ne-maliq-kunder-shkrirjes-se-bashkise-banoret-dhe-kryebashkiaku-i-ps-se-dalin-kunder-projektit-te-rames\/"},"modified":"2026-08-13T14:48:15","modified_gmt":"2026-08-13T14:48:15","slug":"socialistet-ne-maliq-kunder-shkrirjes-se-bashkise-banoret-dhe-kryebashkiaku-i-ps-se-dalin-kunder-projektit-te-rames","status":"publish","type":"post","link":"https:\/\/zennihost.com\/test\/2026\/08\/13\/socialistet-ne-maliq-kunder-shkrirjes-se-bashkise-banoret-dhe-kryebashkiaku-i-ps-se-dalin-kunder-projektit-te-rames\/","title":{"rendered":"Socialist\u00ebt n\u00eb Maliq kund\u00ebr shkrirjes s\u00eb bashkis\u00eb, banor\u00ebt dhe kryebashkiaku i PS-s\u00eb dalin kund\u00ebr projektit t\u00eb Ram\u00ebs"},"content":{"rendered":"<p>Drafti i PS p\u00ebr shkrirjen e 15 bashkive,\u00a0 \u00ebsht\u00eb kund\u00ebrshtuar edhe nga socialist\u00ebt e Maliqit t\u00eb cil\u00ebt refuzojn\u00eb bashkimin e Bashkis\u00eb s\u00eb tyre me Kor\u00e7\u00ebn. Vet\u00eb kreu i PS n\u00eb Maliq, Ornid Demollari, doli publikisht kund\u00ebr projektit t\u00eb qeveris\u00eb, me argumentin se largon sh\u00ebrbimet nga qytetar\u00ebt.<\/p>\n<p>Reagimin Demollari e b\u00ebri gjat\u00eb d\u00ebgjesave me banor\u00ebt n\u00eb nj\u00ebsin\u00eb administrative Libonik, t\u00eb cil\u00ebt shpreh\u00ebn q\u00ebndrimin kund\u00ebr shkrirjes dhe akuzuan qeverin\u00eb se merr vendime pa u konsultuar me ta.<\/p>\n<p>Socialist\u00ebt e Maliqit shprehen kund\u00ebr projektit t\u00eb qeveris\u00eb p\u00ebr shkrirjen e bashkis\u00eb s\u00eb tyre dhe bashkimin me Kor\u00e7\u00ebn. K\u00ebshilli Bashkiak i Maliqit, ka nisur d\u00ebgj\u00ebsat me banor\u00ebt\u00a0 e nj\u00ebsive administrattive t\u00eb cil\u00ebt kund\u00ebrshtojn\u00eb nj\u00ebz\u00ebri hart\u00ebn e re territoriale t\u00eb propozuar nga PS.<\/p>\n<p>Vet\u00eb kryetari i PS s\u00eb Maliqit, Ornid Demollari doli publikisht kund\u00ebr draftit t\u00eb partis\u00eb s\u00eb tij,\u00a0 me arsyetimin se largon sh\u00ebrbimet nga banor\u00ebt<\/p>\n<p>Deklarat\u00ebn Demollari e b\u00ebri pas takimeve t\u00eb zhiilluat n\u00eb nj\u00ebsisn\u00eb administrative Libonik, ku banor\u00ebt than\u00eb se kund\u00ebrshtojn\u00eb me forc\u00eb bashkimin e\u00a0 Maliqit me Kor\u00e7\u00ebn, nd\u00ebrsa akuzuan qeverin\u00eb se merr vendime pa u konsultuar me qytertar\u00ebt e prekur nga shkrirja<\/p>\n<p>Konsultimet do t\u00eb vijojn\u00eb edhe n\u00eb nj\u00ebsit\u00eb e tjera administrative t\u00eb Maliqit, nd\u00ebrsa K\u00ebshilli Bashkiak pritet t\u00eb miratoj\u00eb q\u00ebndrimin e tij n\u00eb nj\u00eb mbledhje t\u00eb posa\u00e7me m\u00eb 20 gusht. Materiali do t\u2019i p\u00ebrcillet m\u00eb pas Kuvendit, nd\u00ebrsa diskutimi p\u00ebr reform\u00ebn territoriale pritet t\u00eb rikthehet n\u00eb muajin tetor.<\/p>\n<p>\u00a0<\/p>\n<p>\u00a0<\/p>\n<p>The post <a href=\"https:\/\/gijotina.com\/maliq-2\/\">Socialist\u00ebt n\u00eb Maliq kund\u00ebr shkrirjes s\u00eb bashkis\u00eb, banor\u00ebt dhe kryebashkiaku i PS-s\u00eb dalin kund\u00ebr projektit t\u00eb Ram\u00ebs<\/a> appeared first on <a href=\"https:\/\/gijotina.com\/\">GIJOTINA<\/a>.<\/p>","protected":false},"excerpt":{"rendered":"<p>Drafti i PS p\u00ebr shkrirjen e 15 bashkive,\u00a0 \u00ebsht\u00eb kund\u00ebrshtuar edhe nga socialist\u00ebt e Maliqit t\u00eb cil\u00ebt refuzojn\u00eb bashkimin e Bashkis\u00eb s\u00eb tyre me Kor\u00e7\u00ebn. Vet\u00eb kreu i PS n\u00eb Maliq, Ornid Demollari, doli publikisht kund\u00ebr projektit t\u00eb qeveris\u00eb, me argumentin se largon sh\u00ebrbimet nga qytetar\u00ebt. Reagimin Demollari e b\u00ebri gjat\u00eb d\u00ebgjesave me banor\u00ebt n\u00eb [&hellip;]<\/p>\n","protected":false},"author":0,"featured_media":0,"comment_status":"open","ping_status":"open","sticky":false,"template":"","format":"standard","meta":{"footnotes":""},"categories":[1],"tags":[],"class_list":["post-96768","post","type-post","status-publish","format-standard","hentry","category-uncategorized"],"_links":{"self":[{"href":"https:\/\/zennihost.com\/test\/wp-json\/wp\/v2\/posts\/96768","targetHints":{"allow":["GET"]}}],"collection":[{"href":"https:\/\/zennihost.com\/test\/wp-json\/wp\/v2\/posts"}],"about":[{"href":"https:\/\/zennihost.com\/test\/wp-json\/wp\/v2\/types\/post"}],"replies":[{"embeddable":true,"href":"https:\/\/zennihost.com\/test\/wp-json\/wp\/v2\/comments?post=96768"}],"version-history":[{"count":0,"href":"https:\/\/zennihost.com\/test\/wp-json\/wp\/v2\/posts\/96768\/revisions"}],"wp:attachment":[{"href":"https:\/\/zennihost.com\/test\/wp-json\/wp\/v2\/media?parent=96768"}],"wp:term":[{"taxonomy":"category","embeddable":true,"href":"https:\/\/zennihost.com\/test\/wp-json\/wp\/v2\/categories?post=96768"},{"taxonomy":"post_tag","embeddable":true,"href":"https:\/\/zennihost.com\/test\/wp-json\/wp\/v2\/tags?post=96768"}],"curies":[{"name":"wp","href":"https:\/\/api.w.org\/{rel}","templated":true}]}}