{"id":96767,"date":"2026-08-13T14:48:15","date_gmt":"2026-08-13T14:48:15","guid":{"rendered":"https:\/\/zennihost.com\/test\/2026\/08\/13\/ernest-muci-demtohet-ne-stervitje-trabzonspori-zbulon-problemin-qe-ka-sulmuesi-shqiptar\/"},"modified":"2026-08-13T14:48:15","modified_gmt":"2026-08-13T14:48:15","slug":"ernest-muci-demtohet-ne-stervitje-trabzonspori-zbulon-problemin-qe-ka-sulmuesi-shqiptar","status":"publish","type":"post","link":"https:\/\/zennihost.com\/test\/2026\/08\/13\/ernest-muci-demtohet-ne-stervitje-trabzonspori-zbulon-problemin-qe-ka-sulmuesi-shqiptar\/","title":{"rendered":"Ernest Mu\u00e7i d\u00ebmtohet n\u00eb st\u00ebrvitje, Trabzonspori zbulon problemin q\u00eb ka sulmuesi shqiptar"},"content":{"rendered":"<p>Ernest Mu\u00e7i ka p\u00ebsuar nj\u00eb d\u00ebmtim gjat\u00eb st\u00ebrvitjes me Trabzonsporin.<\/p>\n<p>Klubi turk ka konfirmuar se sulmuesi shqiptar ka ndjer\u00eb dhimbje n\u00eb pjes\u00ebn e p\u00ebrparme t\u00eb kofsh\u00ebs s\u00eb majt\u00eb.<\/p>\n<p>Pas ekzaminimeve mjek\u00ebsore dhe rezonanc\u00ebs magnetike, \u00ebsht\u00eb p\u00ebrcaktuar edhe shkalla e problemit.<\/p>\n<p>Te Mu\u00e7i \u00ebsht\u00eb konstatuar gjakderdhje dhe edem\u00eb n\u00eb pjes\u00ebn e sip\u00ebrme t\u00eb muskujve t\u00eb p\u00ebrparm\u00eb t\u00eb kofsh\u00ebs.<\/p>\n<p>Sipas klubit, d\u00ebmtimi ka ardhur si pasoj\u00eb e nj\u00eb tendosjeje muskulore.<\/p>\n<p>Tashm\u00eb, stafi mjek\u00ebsor i Trabzonsporit do t\u00eb monitoroj\u00eb nga af\u00ebr gjendjen e futbollistit shqiptar.<\/p>\n<p>Koha e rikuperimit nuk \u00ebsht\u00eb p\u00ebrcaktuar ende dhe do t\u00eb varet nga ecuria e d\u00ebmtimit.<\/p>\n<p>Mu\u00e7i \u00ebsht\u00eb nj\u00eb nga lojtar\u00ebt e r\u00ebnd\u00ebsish\u00ebm t\u00eb skuadr\u00ebs turke n\u00eb repartin ofensiv.<\/p>\n<p>D\u00ebmtimi vjen n\u00eb nj\u00eb moment kur sulmuesi k\u00ebrkon t\u00eb jet\u00eb n\u00eb form\u00ebn m\u00eb t\u00eb mir\u00eb fizike.<\/p>\n<p>Trabzonspori pritet t\u00eb b\u00ebj\u00eb vler\u00ebsime t\u00eb tjera gjat\u00eb dit\u00ebve n\u00eb vazhdim.<\/p>\n<p>Vet\u00ebm pas reagimit t\u00eb muskulit ndaj trajtimit do t\u00eb mund t\u00eb p\u00ebrcaktohet m\u00eb sakt\u00eb mungesa e tij.<\/p>\n<p>Lajmi p\u00ebr d\u00ebmtimin e Mu\u00e7it \u00ebsht\u00eb nj\u00eb shqet\u00ebsim edhe p\u00ebr ekipin komb\u00ebtar shqiptar.<\/p>\n<p>Tashm\u00eb mbetet p\u00ebr t\u2019u par\u00eb se sa do t\u00eb zgjas\u00eb rikuperimi i 25-vje\u00e7arit.<\/p>\n<p>\u00a0<\/p>\n<p>The post <a href=\"https:\/\/gijotina.com\/ernest-muci-2\/\">Ernest Mu\u00e7i d\u00ebmtohet n\u00eb st\u00ebrvitje, Trabzonspori zbulon problemin q\u00eb ka sulmuesi shqiptar<\/a> appeared first on <a href=\"https:\/\/gijotina.com\/\">GIJOTINA<\/a>.<\/p>","protected":false},"excerpt":{"rendered":"<p>Ernest Mu\u00e7i ka p\u00ebsuar nj\u00eb d\u00ebmtim gjat\u00eb st\u00ebrvitjes me Trabzonsporin. Klubi turk ka konfirmuar se sulmuesi shqiptar ka ndjer\u00eb dhimbje n\u00eb pjes\u00ebn e p\u00ebrparme t\u00eb kofsh\u00ebs s\u00eb majt\u00eb. Pas ekzaminimeve mjek\u00ebsore dhe rezonanc\u00ebs magnetike, \u00ebsht\u00eb p\u00ebrcaktuar edhe shkalla e problemit. Te Mu\u00e7i \u00ebsht\u00eb konstatuar gjakderdhje dhe edem\u00eb n\u00eb pjes\u00ebn e sip\u00ebrme t\u00eb muskujve t\u00eb p\u00ebrparm\u00eb [&hellip;]<\/p>\n","protected":false},"author":0,"featured_media":0,"comment_status":"open","ping_status":"open","sticky":false,"template":"","format":"standard","meta":{"footnotes":""},"categories":[1],"tags":[],"class_list":["post-96767","post","type-post","status-publish","format-standard","hentry","category-uncategorized"],"_links":{"self":[{"href":"https:\/\/zennihost.com\/test\/wp-json\/wp\/v2\/posts\/96767","targetHints":{"allow":["GET"]}}],"collection":[{"href":"https:\/\/zennihost.com\/test\/wp-json\/wp\/v2\/posts"}],"about":[{"href":"https:\/\/zennihost.com\/test\/wp-json\/wp\/v2\/types\/post"}],"replies":[{"embeddable":true,"href":"https:\/\/zennihost.com\/test\/wp-json\/wp\/v2\/comments?post=96767"}],"version-history":[{"count":0,"href":"https:\/\/zennihost.com\/test\/wp-json\/wp\/v2\/posts\/96767\/revisions"}],"wp:attachment":[{"href":"https:\/\/zennihost.com\/test\/wp-json\/wp\/v2\/media?parent=96767"}],"wp:term":[{"taxonomy":"category","embeddable":true,"href":"https:\/\/zennihost.com\/test\/wp-json\/wp\/v2\/categories?post=96767"},{"taxonomy":"post_tag","embeddable":true,"href":"https:\/\/zennihost.com\/test\/wp-json\/wp\/v2\/tags?post=96767"}],"curies":[{"name":"wp","href":"https:\/\/api.w.org\/{rel}","templated":true}]}}