{"id":96763,"date":"2026-08-13T13:48:16","date_gmt":"2026-08-13T13:48:16","guid":{"rendered":"https:\/\/zennihost.com\/test\/2026\/08\/13\/rumania-ngre-ne-ajer-avionet-luftarake-f-16-pasi-zbuluan-5-objektiva-ajrore-prane-kufirit-me-ukrainen\/"},"modified":"2026-08-13T13:48:16","modified_gmt":"2026-08-13T13:48:16","slug":"rumania-ngre-ne-ajer-avionet-luftarake-f-16-pasi-zbuluan-5-objektiva-ajrore-prane-kufirit-me-ukrainen","status":"publish","type":"post","link":"https:\/\/zennihost.com\/test\/2026\/08\/13\/rumania-ngre-ne-ajer-avionet-luftarake-f-16-pasi-zbuluan-5-objektiva-ajrore-prane-kufirit-me-ukrainen\/","title":{"rendered":"Rumania ngre n\u00eb aj\u00ebr avion\u00ebt luftarak\u00eb F-16 pasi zbuluan 5 objektiva ajrore pran\u00eb kufirit me Ukrain\u00ebn"},"content":{"rendered":"<p>Rumania njoftoi t\u00eb enjten se kishte ngritur n\u00eb aj\u00ebr dy avion\u00eb luftarak\u00eb F-16 gjat\u00eb nat\u00ebs, pasi u zbuluan pes\u00eb objektiva ajrore pran\u00eb kufirit ukrainas.<\/p>\n<p>\u201cSistemi i mbik\u00ebqyrjes me radar i Ministris\u00eb s\u00eb Mbrojtjes Komb\u00ebtare t\u00eb Rumanis\u00eb zbuloi, nat\u00ebn e 12-13 gushtit, n\u00eb or\u00ebn 01:27, nj\u00eb grup prej pes\u00eb objektivash ajrore n\u00eb zon\u00ebn Ismail, mbi territorin ukrainas, pran\u00eb kufirit lumor me Rumanin\u00eb\u201d, tha Ministria e Mbrojtjes e Rumanis\u00eb n\u00eb nj\u00eb deklarat\u00eb.<\/p>\n<p>Ai vuri n\u00eb dukje se dy avion\u00eb rumun\u00eb F-16 u ngrit\u00ebn n\u00eb aj\u00ebr p\u00ebr t\u00eb monitoruar situat\u00ebn.<\/p>\n<p>\u201cRadar\u00ebt tok\u00ebsor zbuluan nj\u00eb objektiv ajror q\u00eb dep\u00ebrtonte n\u00eb hap\u00ebsir\u00ebn ajrore komb\u00ebtare, af\u00ebrsisht 2 km n\u00eb jug t\u00eb Pardin\u00ebs. Objektivi q\u00ebndroi n\u00eb hap\u00ebsir\u00ebn ajrore komb\u00ebtare p\u00ebr rreth 10 minuta, duke l\u00ebvizur p\u00ebrgjat\u00eb deg\u00ebs Chilia, p\u00ebrpara se t\u00eb largohej nga territori rumun drejt Ukrain\u00ebs\u201d, shpjegohej n\u00eb deklarat\u00eb.<\/p>\n<p>Ai shtoi se menj\u00ebher\u00eb pasi objektivi fluturoi mbi hap\u00ebsir\u00ebn ajrore rumune, u raportuan shp\u00ebrthime mbi territorin ukrainas.<\/p>","protected":false},"excerpt":{"rendered":"<p>Rumania njoftoi t\u00eb enjten se kishte ngritur n\u00eb aj\u00ebr dy avion\u00eb luftarak\u00eb F-16 gjat\u00eb nat\u00ebs, pasi u zbuluan pes\u00eb objektiva ajrore pran\u00eb kufirit ukrainas. \u201cSistemi i mbik\u00ebqyrjes me radar i Ministris\u00eb s\u00eb Mbrojtjes Komb\u00ebtare t\u00eb Rumanis\u00eb zbuloi, nat\u00ebn e 12-13 gushtit, n\u00eb or\u00ebn 01:27, nj\u00eb grup prej pes\u00eb objektivash ajrore n\u00eb zon\u00ebn Ismail, mbi territorin [&hellip;]<\/p>\n","protected":false},"author":0,"featured_media":0,"comment_status":"open","ping_status":"open","sticky":false,"template":"","format":"standard","meta":{"footnotes":""},"categories":[1],"tags":[],"class_list":["post-96763","post","type-post","status-publish","format-standard","hentry","category-uncategorized"],"_links":{"self":[{"href":"https:\/\/zennihost.com\/test\/wp-json\/wp\/v2\/posts\/96763","targetHints":{"allow":["GET"]}}],"collection":[{"href":"https:\/\/zennihost.com\/test\/wp-json\/wp\/v2\/posts"}],"about":[{"href":"https:\/\/zennihost.com\/test\/wp-json\/wp\/v2\/types\/post"}],"replies":[{"embeddable":true,"href":"https:\/\/zennihost.com\/test\/wp-json\/wp\/v2\/comments?post=96763"}],"version-history":[{"count":0,"href":"https:\/\/zennihost.com\/test\/wp-json\/wp\/v2\/posts\/96763\/revisions"}],"wp:attachment":[{"href":"https:\/\/zennihost.com\/test\/wp-json\/wp\/v2\/media?parent=96763"}],"wp:term":[{"taxonomy":"category","embeddable":true,"href":"https:\/\/zennihost.com\/test\/wp-json\/wp\/v2\/categories?post=96763"},{"taxonomy":"post_tag","embeddable":true,"href":"https:\/\/zennihost.com\/test\/wp-json\/wp\/v2\/tags?post=96763"}],"curies":[{"name":"wp","href":"https:\/\/api.w.org\/{rel}","templated":true}]}}