{"id":96760,"date":"2026-08-13T12:49:25","date_gmt":"2026-08-13T12:49:25","guid":{"rendered":"https:\/\/zennihost.com\/test\/2026\/08\/13\/rama-per-qendrimin-e-zelenskyt-ndaj-kosoves-ukraina-gabon-por-e-drejta-e-saj-per-liri-eshte-e-padiskutueshme\/"},"modified":"2026-08-13T12:49:25","modified_gmt":"2026-08-13T12:49:25","slug":"rama-per-qendrimin-e-zelenskyt-ndaj-kosoves-ukraina-gabon-por-e-drejta-e-saj-per-liri-eshte-e-padiskutueshme","status":"publish","type":"post","link":"https:\/\/zennihost.com\/test\/2026\/08\/13\/rama-per-qendrimin-e-zelenskyt-ndaj-kosoves-ukraina-gabon-por-e-drejta-e-saj-per-liri-eshte-e-padiskutueshme\/","title":{"rendered":"Rama p\u00ebr q\u00ebndrimin e Zelenskyt ndaj Kosov\u00ebs: Ukraina gabon, por e drejta e saj p\u00ebr liri \u00ebsht\u00eb e padiskutueshme"},"content":{"rendered":"<p>Ukraina gabohet p\u00ebr Kosov\u00ebn, por ajo ka t\u00eb drejt\u00eb t\u00eb mbetet e lir\u00eb, \u00ebsht\u00eb argumenti i kryeministrit Rama lidhur me deklaratat e presidentit Zelensky.<\/p>\n<p>N\u00eb nj\u00eb shkrim n\u00eb rrjetin X, Rama thot\u00eb se liria nuk funksionon me kthim shp\u00ebrblimesh e favore. Ai thekson se Shqip\u00ebria \u00ebsht\u00eb Evropa e Ballkanit q\u00eb s\u2019llogarit borxhet e t\u00eb tjer\u00ebve dhe beson te liria, demokracia e paqja.<\/p>\n<p>Rama shton se t\u00eb luftuarit p\u00ebr nj\u00eb t\u00eb drejt\u00eb si liria e Ukrain\u00ebs n\u00ebnkupton po ashtu edhe p\u00ebr Evrop\u00ebn e veten. N\u00eb fund, ai e p\u00ebrmbyll me sloganin \u201cRroft\u00eb Ukraina e lir\u00eb.\u201d<\/p>\n<p>Reagimi:<\/p>\n<p>Miku im i dashur Volodymyr Zelensky ishte n\u00eb Beograd dhe tha se Ukraina nuk do ta njoh\u00eb kurr\u00eb Kosov\u00ebn. Brenda nj\u00eb ore, nacionalist\u00ebt folklorik\u00eb m\u00eb t\u00eb zhurmsh\u00ebm n\u00eb Tiran\u00eb dhe Prishtin\u00eb kishin nxjerr\u00eb tashm\u00eb kalkulatorin gjeopolitik: ndoshta duhet ta nd\u00ebshkojm\u00eb Ukrain\u00ebn, t\u00eb mos brohorasim m\u00eb p\u00ebr lirin\u00eb dhe t\u00eb mos vajtojm\u00eb m\u00eb p\u00ebr ata q\u00eb bombardohen. M\u00eb t\u00eb pamaturit mes tyre na sulmuan edhe ne pse nuk hoq\u00ebm dor\u00eb nga Ukraina. Disa madje brohorit\u00ebn p\u00ebr Rusin\u00eb!<\/p>\n<p>\u00c7far\u00eb turpi t\u00eb humbas\u00ebsh nga syt\u00eb t\u00eb v\u00ebrtet\u00ebn e thjesht\u00eb se liria nuk \u00ebsht\u00eb nj\u00eb marr\u00ebdh\u00ebnie shk\u00ebmbimi.<\/p>\n<p>T\u00eb q\u00ebndrosh kund\u00ebr nj\u00eb lufte agresioni dhe n\u00eb mb\u00ebshtetje t\u00eb nj\u00eb paqeje t\u00eb drejt\u00eb nuk \u00ebsht\u00eb nj\u00eb fatur\u00eb q\u00eb e gris kur viktima e nj\u00eb agresioni barbar t\u00eb zhg\u00ebnjen. Nuk \u00ebsht\u00eb nj\u00eb nder q\u00eb shk\u00ebmbehet me nj\u00eb nder, por \u00ebsht\u00eb ajo q\u00eb ti je dhe ajo p\u00ebr t\u00eb cil\u00ebn q\u00ebndron n\u00eb k\u00ebt\u00eb bot\u00eb t\u00eb trazuar. Dhe, p\u00ebr fat t\u00eb mir\u00eb, Shqip\u00ebria nuk \u00ebsht\u00eb nj\u00eb njeri i vog\u00ebl q\u00eb b\u00ebn hesapet se kush i detyrohet kujt, por Europa e Ballkanit, q\u00eb tregon rrug\u00ebn p\u00ebrmes besimit t\u00eb saj te liria, demokracia dhe paqja, si dhe p\u00ebrmes forc\u00ebs s\u00eb shembullit t\u00eb saj.<\/p>\n<p>Ukraina mund t\u00eb jet\u00eb, dhe po, \u00ebsht\u00eb, gabim p\u00ebr Kosov\u00ebn, por e drejta e saj p\u00ebr t\u00eb qen\u00eb e lir\u00eb mbetet e padiskutueshme, dhe t\u00eb luftosh p\u00ebr k\u00ebt\u00eb t\u00eb drejt\u00eb do t\u00eb thot\u00eb t\u00eb luftosh edhe p\u00ebr Europ\u00ebn, edhe p\u00ebr veten ton\u00eb. K\u00ebto t\u00eb v\u00ebrteta mund t\u00eb q\u00ebndrojn\u00eb fare mir\u00eb n\u00eb t\u00eb nj\u00ebjt\u00ebn fjali. Shqip\u00ebria \u00ebsht\u00eb mjaftuesh\u00ebm e pjekur p\u00ebr t\u2019i mbajtur t\u00eb dyja dhe do t\u2019i mbaj\u00eb t\u00eb dyja.<\/p>\n<p>Prandaj, po: UKRAIN\u00cb E LIR\u00cb. Sot, nes\u00ebr dhe gjithmon\u00eb.<\/p>","protected":false},"excerpt":{"rendered":"<p>Ukraina gabohet p\u00ebr Kosov\u00ebn, por ajo ka t\u00eb drejt\u00eb t\u00eb mbetet e lir\u00eb, \u00ebsht\u00eb argumenti i kryeministrit Rama lidhur me deklaratat e presidentit Zelensky. N\u00eb nj\u00eb shkrim n\u00eb rrjetin X, Rama thot\u00eb se liria nuk funksionon me kthim shp\u00ebrblimesh e favore. Ai thekson se Shqip\u00ebria \u00ebsht\u00eb Evropa e Ballkanit q\u00eb s\u2019llogarit borxhet e t\u00eb tjer\u00ebve [&hellip;]<\/p>\n","protected":false},"author":0,"featured_media":0,"comment_status":"open","ping_status":"open","sticky":false,"template":"","format":"standard","meta":{"footnotes":""},"categories":[1],"tags":[],"class_list":["post-96760","post","type-post","status-publish","format-standard","hentry","category-uncategorized"],"_links":{"self":[{"href":"https:\/\/zennihost.com\/test\/wp-json\/wp\/v2\/posts\/96760","targetHints":{"allow":["GET"]}}],"collection":[{"href":"https:\/\/zennihost.com\/test\/wp-json\/wp\/v2\/posts"}],"about":[{"href":"https:\/\/zennihost.com\/test\/wp-json\/wp\/v2\/types\/post"}],"replies":[{"embeddable":true,"href":"https:\/\/zennihost.com\/test\/wp-json\/wp\/v2\/comments?post=96760"}],"version-history":[{"count":0,"href":"https:\/\/zennihost.com\/test\/wp-json\/wp\/v2\/posts\/96760\/revisions"}],"wp:attachment":[{"href":"https:\/\/zennihost.com\/test\/wp-json\/wp\/v2\/media?parent=96760"}],"wp:term":[{"taxonomy":"category","embeddable":true,"href":"https:\/\/zennihost.com\/test\/wp-json\/wp\/v2\/categories?post=96760"},{"taxonomy":"post_tag","embeddable":true,"href":"https:\/\/zennihost.com\/test\/wp-json\/wp\/v2\/tags?post=96760"}],"curies":[{"name":"wp","href":"https:\/\/api.w.org\/{rel}","templated":true}]}}