{"id":96758,"date":"2026-08-13T12:49:13","date_gmt":"2026-08-13T12:49:13","guid":{"rendered":"https:\/\/zennihost.com\/test\/2026\/08\/13\/zjarri-perfshin-masivin-pyjor-ne-lugaxhi-te-elbasanit-flaket-avancojne-drejt-banesave\/"},"modified":"2026-08-13T12:49:13","modified_gmt":"2026-08-13T12:49:13","slug":"zjarri-perfshin-masivin-pyjor-ne-lugaxhi-te-elbasanit-flaket-avancojne-drejt-banesave","status":"publish","type":"post","link":"https:\/\/zennihost.com\/test\/2026\/08\/13\/zjarri-perfshin-masivin-pyjor-ne-lugaxhi-te-elbasanit-flaket-avancojne-drejt-banesave\/","title":{"rendered":"Zjarri p\u00ebrfshin masivin pyjor n\u00eb Lugaxhi t\u00eb Elbasanit, flak\u00ebt avancojn\u00eb drejt banesave"},"content":{"rendered":"<p>Nj\u00eb zjarr i p\u00ebrmasave t\u00eb m\u00ebdha ka p\u00ebrfshir\u00eb mesdit\u00ebn e sotme masivin pyjor n\u00eb fshatin Lugaxhi, n\u00eb Nj\u00ebsin\u00eb Administrative Labinot Mal, n\u00eb Bashkin\u00eb Elbasan.<\/p>\n<div class=\"ai-viewport-1\">\n<div class=\"code-block code-block-6\">Rreth or\u00ebs 13:00, sh\u00ebrbimi zjarrfik\u00ebs i Bashkis\u00eb Elbasan \u00ebsht\u00eb njoftuar nga banor\u00ebt e zon\u00ebs p\u00ebr r\u00ebnien e zjarrit. Sipas informacioneve paraprake, flak\u00ebt kan\u00eb p\u00ebrfshir\u00eb nj\u00eb sip\u00ebrfaqe t\u00eb konsiderueshme t\u00eb masivit pyjor, nd\u00ebrsa situata \u00ebsht\u00eb b\u00ebr\u00eb shqet\u00ebsuese p\u00ebr shkak se zjarri po avancon n\u00eb drejtim t\u00eb zon\u00ebs s\u00eb banuar.<\/div>\n<\/div>\n<p>Pas marrjes s\u00eb njoftimit, jan\u00eb mobilizuar menj\u00ebher\u00eb sh\u00ebrbimi zjarrfik\u00ebs, strukturat e emergjencave civile dhe komuniteti, me q\u00ebllim parandalimin e p\u00ebrhapjes s\u00eb flak\u00ebve dhe mbrojtjen e banesave.<\/p>\n<p>Forcat zjarrfik\u00ebse jan\u00eb angazhuar n\u00eb terren p\u00ebr izolimin e vatrave dhe p\u00ebr t\u00eb frenuar p\u00ebrparimin e zjarrit. Terreni i v\u00ebshtir\u00eb dhe sip\u00ebrfaqja e madhe e p\u00ebrfshir\u00eb nga flak\u00ebt e b\u00ebjn\u00eb nd\u00ebrhyrjen m\u00eb t\u00eb v\u00ebshtir\u00eb, nd\u00ebrsa prioritet mbetet mbrojtja e zon\u00ebs s\u00eb banuar.<\/p>\n<p>\u00a0<\/p>\n<p>\u00a0<\/p>\n<p>Sh\u00ebrbimi zjarrfik\u00ebs i Elbasanit ka qen\u00eb i angazhuar intensivisht gjat\u00eb dit\u00ebve t\u00eb fundit p\u00ebr p\u00ebrballimin e situatave t\u00eb zjarreve n\u00eb territorin e bashkis\u00eb. P\u00ebr shkak t\u00eb situat\u00ebs s\u00eb krijuar n\u00eb disa zona, strukturat zjarrfik\u00ebse kan\u00eb organizuar sh\u00ebrbimet n\u00eb dy zona t\u00eb Elbasanit, me q\u00ebllim reagimin sa m\u00eb t\u00eb shpejt\u00eb ndaj \u00e7do vatre zjarri.<\/p>\n<p>Edhe n\u00eb Lugaxhi, reagimi i banor\u00ebve dhe strukturave t\u00eb emergjenc\u00ebs ka qen\u00eb i menj\u00ebhersh\u00ebm, nd\u00ebrsa operacioni n\u00eb terren vijon p\u00ebr t\u00eb kufizuar p\u00ebrhapjen e flak\u00ebve.<\/p>\n<p>Deri n\u00eb k\u00ebto momente nuk raportohet p\u00ebr persona t\u00eb l\u00ebnduar, nd\u00ebrsa situata po monitorohet n\u00eb vijim\u00ebsi p\u00ebr shkak t\u00eb af\u00ebrsis\u00eb s\u00eb zjarrit me zon\u00ebn e banuar.<\/p>\n<p>Autoritetet u b\u00ebjn\u00eb thirrje banor\u00ebve t\u00eb q\u00ebndrojn\u00eb t\u00eb qet\u00eb, t\u00eb shmangin afrimin pran\u00eb vatrave t\u00eb zjarrit dhe t\u00eb ndjekin udh\u00ebzimet e strukturave t\u00eb emergjenc\u00ebs.<\/p>\n<p>Operacioni p\u00ebr shuarjen dhe izolimin e zjarrit n\u00eb Lugaxhi vijon.<\/p>\n<p><strong>gijotina.com\/<\/strong><\/p>\n<p>The post <a href=\"https:\/\/gijotina.com\/zjarret-16\/\">Zjarri p\u00ebrfshin masivin pyjor n\u00eb Lugaxhi t\u00eb Elbasanit, flak\u00ebt avancojn\u00eb drejt banesave<\/a> appeared first on <a href=\"https:\/\/gijotina.com\/\">GIJOTINA<\/a>.<\/p>","protected":false},"excerpt":{"rendered":"<p>Nj\u00eb zjarr i p\u00ebrmasave t\u00eb m\u00ebdha ka p\u00ebrfshir\u00eb mesdit\u00ebn e sotme masivin pyjor n\u00eb fshatin Lugaxhi, n\u00eb Nj\u00ebsin\u00eb Administrative Labinot Mal, n\u00eb Bashkin\u00eb Elbasan. Rreth or\u00ebs 13:00, sh\u00ebrbimi zjarrfik\u00ebs i Bashkis\u00eb Elbasan \u00ebsht\u00eb njoftuar nga banor\u00ebt e zon\u00ebs p\u00ebr r\u00ebnien e zjarrit. Sipas informacioneve paraprake, flak\u00ebt kan\u00eb p\u00ebrfshir\u00eb nj\u00eb sip\u00ebrfaqe t\u00eb konsiderueshme t\u00eb masivit pyjor, [&hellip;]<\/p>\n","protected":false},"author":0,"featured_media":0,"comment_status":"open","ping_status":"open","sticky":false,"template":"","format":"standard","meta":{"footnotes":""},"categories":[1],"tags":[],"class_list":["post-96758","post","type-post","status-publish","format-standard","hentry","category-uncategorized"],"_links":{"self":[{"href":"https:\/\/zennihost.com\/test\/wp-json\/wp\/v2\/posts\/96758","targetHints":{"allow":["GET"]}}],"collection":[{"href":"https:\/\/zennihost.com\/test\/wp-json\/wp\/v2\/posts"}],"about":[{"href":"https:\/\/zennihost.com\/test\/wp-json\/wp\/v2\/types\/post"}],"replies":[{"embeddable":true,"href":"https:\/\/zennihost.com\/test\/wp-json\/wp\/v2\/comments?post=96758"}],"version-history":[{"count":0,"href":"https:\/\/zennihost.com\/test\/wp-json\/wp\/v2\/posts\/96758\/revisions"}],"wp:attachment":[{"href":"https:\/\/zennihost.com\/test\/wp-json\/wp\/v2\/media?parent=96758"}],"wp:term":[{"taxonomy":"category","embeddable":true,"href":"https:\/\/zennihost.com\/test\/wp-json\/wp\/v2\/categories?post=96758"},{"taxonomy":"post_tag","embeddable":true,"href":"https:\/\/zennihost.com\/test\/wp-json\/wp\/v2\/tags?post=96758"}],"curies":[{"name":"wp","href":"https:\/\/api.w.org\/{rel}","templated":true}]}}