{"id":96756,"date":"2026-08-13T12:49:12","date_gmt":"2026-08-13T12:49:12","guid":{"rendered":"https:\/\/zennihost.com\/test\/2026\/08\/13\/perplasje-me-arme-zjarri-ne-tirane-policia-arrestohen-4-persona-2-ne-kerkim\/"},"modified":"2026-08-13T12:49:12","modified_gmt":"2026-08-13T12:49:12","slug":"perplasje-me-arme-zjarri-ne-tirane-policia-arrestohen-4-persona-2-ne-kerkim","status":"publish","type":"post","link":"https:\/\/zennihost.com\/test\/2026\/08\/13\/perplasje-me-arme-zjarri-ne-tirane-policia-arrestohen-4-persona-2-ne-kerkim\/","title":{"rendered":"P\u00ebrplasje me arm\u00eb zjarri n\u00eb Tiran\u00eb\/ Policia: Arrestohen 4 persona, 2 n\u00eb k\u00ebrkim"},"content":{"rendered":"<p>N\u00eb kuad\u00ebr t\u00eb operacionit \u201cSituata\u201d u identifikuan 10 personat e p\u00ebrfshir\u00eb n\u00eb konflikt, 4 prej t\u00eb cil\u00ebve u vun\u00eb n\u00eb pranga. Blut\u00eb b\u00ebjn\u00eb me dije se 4 t\u00eb tjer\u00eb jan\u00eb proceduar n\u00eb gjendje t\u00eb lir\u00eb, nd\u00ebrsa 2 jan\u00eb shpallur n\u00eb k\u00ebrkim.<\/p>\n<p>N\u00eb pranga kan\u00eb r\u00ebn\u00eb shtetasit Rezar Zaimi, 28 vje\u00e7, p\u00ebr veprat penale \u201cP\u00ebrkrahja e autorit\u201d, \u201cMoskall\u00ebzimi i krimit\u201d dhe \u201cProdhimi, mbajtja, blerja apo shitja pa leje e arm\u00ebve t\u00eb ftohta\u201d; Kevin Kocibellinj, 31 vje\u00e7, p\u00ebr veprat penale \u201cVeprime q\u00eb pengojn\u00eb zbulimin e s\u00eb v\u00ebrtet\u00ebs\u201d dhe \u201cP\u00ebrkrahja e autorit t\u00eb krimit\u201d, si dhe Stiven Fezollari, 24 vje\u00e7 dhe Rolf Fezollari, 34 vje\u00e7, p\u00ebr vepr\u00ebn penale \u201cVeprime q\u00eb pengojn\u00eb zbulimin e s\u00eb v\u00ebrtet\u00ebs\u201d.<\/p>\n<p>N\u00eb k\u00ebrkim u shpall\u00ebn shtetasit Frenki Fezollari, 32 vje\u00e7, p\u00ebr veprat penale \u201cVrasja me dashje\u201d, mbetur n\u00eb tentativ\u00eb, dhe \u201cMbajtja pa leje dhe prodhimi i arm\u00ebve, arm\u00ebve shp\u00ebrthyese dhe i municionit\u201d, dhe Cercis Brahimllari, 32 vje\u00e7, p\u00ebr veprat penale \u201cMoskall\u00ebzimi i krimit\u201d dhe \u201cP\u00ebrkrahja e autorit t\u00eb krimit\u201d.<\/p>\n<p>Nga veprimet hetimore t\u00eb deritanishme dyshohet se shtetasi i arrestuar Rolf Fezollari ka fyer nj\u00eb t\u00eb mitur t\u00eb proceduar n\u00eb gjendje t\u00eb lir\u00eb. Si pasoj\u00eb, 17-vje\u00e7ari dhe miq t\u00eb tij jan\u00eb konfliktuar fizikisht, me shtetasin Rolf Fezollari, v\u00ebllan\u00eb e tij, shtetasin Stiven Fezollari, dhe me miq t\u00eb k\u00ebtyre t\u00eb fundit. M\u00eb pas, i mituri dhe miqt\u00eb e tij kan\u00eb shkuar me motomjete, te banesa e v\u00ebllez\u00ebrve, nga ku dyshohet se ka q\u00eblluar me arm\u00eb zjarri, n\u00eb drejtim t\u00eb motomjeteve, v\u00ebllai tjet\u00ebr i tyre, shtetasi i shpallur n\u00eb k\u00ebrkim, Frenki Fezollari, pa d\u00ebmtuar ask\u00ebnd.<\/p>\n<p>Policia njofton se po punon p\u00ebr arrestimin e dy shtetasve t\u00eb shpallur n\u00eb k\u00ebrkim, si dhe p\u00ebr dokumentimin me prova ligjore t\u00eb rrethanave t\u00eb k\u00ebtij rasti.<\/p>\n<p><strong>Njoftimi i Policis\u00eb:<\/strong><\/p>\n<p><strong>DVP Tiran\u00eb<\/strong><\/p>\n<p><em>Finalizohet operacioni i koduar \u201cSituata\u201d.\u00a0Zbardhen p\u00ebrfshirja dhe rrethanat e konfliktit nd\u00ebrmjet disa shtetasve, rreth mesnat\u00ebs s\u00eb dat\u00ebs 11 gusht, n\u00eb rrug\u00ebn \u201cGjolek\u00eb Kokona\u201d, ku dhe u q\u00ebllua me arm\u00eb zjarri.<\/em><\/p>\n<p><em>Identifikohen 10 shtetasit e p\u00ebrfshir\u00eb. Vihen n\u00eb pranga 4 prej tyre, procedohen penalisht 4 dhe shpallen n\u00eb k\u00ebrkim 2.<\/em><\/p>\n<p><em>Sekuestrohen nga vendngjarja, 1 mjet prer\u00ebs (thik\u00eb) dhe sende t\u00eb tjera q\u00eb do t\u2019i sh\u00ebrbejn\u00eb hetimit.<\/em><\/p>\n<p><em>Menj\u00ebher\u00eb pas njoftimit se disa shtetas ishin p\u00ebrfshir\u00eb n\u00eb nj\u00eb konflikt n\u00eb rrug\u00ebn \u201cGjolek\u00eb Kokona\u201d, sh\u00ebrbimet e Komisariatit t\u00eb Policis\u00eb Nr. 4 shkuan n\u00eb vendngjarje p\u00ebr t\u00eb p\u00ebrcaktuar shtetasit e p\u00ebrfshir\u00eb n\u00eb konflikt, p\u00ebrgjegj\u00ebsit\u00eb e tyre, si dhe rrethanat e rastit.<\/em><br \/><em>N\u00eb vijim t\u00eb veprimeve hetimore dhe procedurale t\u00eb kryera n\u00eb kuad\u00ebr t\u00eb operacionit t\u00eb koduar \u201cSituata\u201d:<\/em><\/p>\n<p><em>-u arrestuan shtetasit R. Z., 28 vje\u00e7, p\u00ebr veprat penale \u201cP\u00ebrkrahja e autorit\u201d, \u201cMoskall\u00ebzimi i krimit\u201d dhe \u201cProdhimi, mbajtja, blerja apo shitja pa leje e arm\u00ebve t\u00eb ftohta\u201d; K. K., 31 vje\u00e7, p\u00ebr veprat penale \u201cVeprime q\u00eb pengojn\u00eb zbulimin e s\u00eb v\u00ebrtet\u00ebs\u201d dhe \u201cP\u00ebrkrahja e autorit t\u00eb krimit\u201d, si dhe S. F., 24 vje\u00e7 dhe R. F., 34 vje\u00e7, p\u00ebr vepr\u00ebn penale \u201cVeprime q\u00eb pengojn\u00eb zbulimin e s\u00eb v\u00ebrtet\u00ebs\u201d;<\/em><\/p>\n<p><em>-u proceduan n\u00eb gjendje t\u00eb lir\u00eb, p\u00ebr vepr\u00ebn penale \u201cMoskall\u00ebzimi i krimit\u201d, 4 shtetas gjithashtu t\u00eb p\u00ebrfshir\u00eb n\u00eb konflikt;<\/em><\/p>\n<p><em>-u shpall\u00ebn n\u00eb k\u00ebrkim shtetasit F. F., 32 vje\u00e7, p\u00ebr veprat penale \u201cVrasja me dashje\u201d, mbetur n\u00eb tentativ\u00eb, dhe \u201cMbajtja pa leje dhe prodhimi i arm\u00ebve, arm\u00ebve shp\u00ebrthyese dhe i municionit\u201d, dhe C. B., 32 vje\u00e7, p\u00ebr veprat penale \u201cMoskall\u00ebzimi i krimit\u201d dhe \u201cP\u00ebrkrahja e autorit t\u00eb krimit\u201d.<\/em><\/p>\n<p><em>Nga veprimet hetimore t\u00eb deritanishme dyshohet se shtetasi i arrestuar R. F. ka fyer nj\u00eb t\u00eb mitur t\u00eb proceduar n\u00eb gjendje t\u00eb lir\u00eb. Si pasoj\u00eb, 17-vje\u00e7ari dhe miq t\u00eb tij jan\u00eb konfliktuar fizikisht, me shtetasin R. F., v\u00ebllan\u00eb e tij, shtetasin S. F., dhe me miq t\u00eb k\u00ebtyre t\u00eb fundit. M\u00eb pas, i mituri dhe miqt\u00eb e tij kan\u00eb shkuar me motomjete, te banesa e v\u00ebllez\u00ebrve, nga ku dyshohet se ka q\u00eblluar me arm\u00eb zjarri, n\u00eb drejtim t\u00eb motomjeteve, v\u00ebllai tjet\u00ebr i tyre, shtetasi i shpallur n\u00eb k\u00ebrkim, F. F., pa d\u00ebmtuar ask\u00ebnd.<\/em><\/p>\n<p><em>Punohet p\u00ebr kapjen e 2 shtetasve t\u00eb shpallur n\u00eb k\u00ebrkim, si dhe p\u00ebr dokumentimin me prova ligjore t\u00eb rrethanave t\u00eb k\u00ebtij rasti.<\/em><\/p>\n<p><em>Materialet procedurale iu referuan Prokuroris\u00eb s\u00eb Tiran\u00ebs, p\u00ebr veprime t\u00eb m\u00ebtejshme.<\/em><\/p>\n<p><strong>gijotina.com\/<\/strong><\/p>\n<p>The post <a href=\"https:\/\/gijotina.com\/ngjarja-74\/\">P\u00ebrplasje me arm\u00eb zjarri n\u00eb Tiran\u00eb\/ Policia: Arrestohen 4 persona, 2 n\u00eb k\u00ebrkim<\/a> appeared first on <a href=\"https:\/\/gijotina.com\/\">GIJOTINA<\/a>.<\/p>","protected":false},"excerpt":{"rendered":"<p>N\u00eb kuad\u00ebr t\u00eb operacionit \u201cSituata\u201d u identifikuan 10 personat e p\u00ebrfshir\u00eb n\u00eb konflikt, 4 prej t\u00eb cil\u00ebve u vun\u00eb n\u00eb pranga. Blut\u00eb b\u00ebjn\u00eb me dije se 4 t\u00eb tjer\u00eb jan\u00eb proceduar n\u00eb gjendje t\u00eb lir\u00eb, nd\u00ebrsa 2 jan\u00eb shpallur n\u00eb k\u00ebrkim. N\u00eb pranga kan\u00eb r\u00ebn\u00eb shtetasit Rezar Zaimi, 28 vje\u00e7, p\u00ebr veprat penale \u201cP\u00ebrkrahja e [&hellip;]<\/p>\n","protected":false},"author":0,"featured_media":0,"comment_status":"open","ping_status":"open","sticky":false,"template":"","format":"standard","meta":{"footnotes":""},"categories":[1],"tags":[],"class_list":["post-96756","post","type-post","status-publish","format-standard","hentry","category-uncategorized"],"_links":{"self":[{"href":"https:\/\/zennihost.com\/test\/wp-json\/wp\/v2\/posts\/96756","targetHints":{"allow":["GET"]}}],"collection":[{"href":"https:\/\/zennihost.com\/test\/wp-json\/wp\/v2\/posts"}],"about":[{"href":"https:\/\/zennihost.com\/test\/wp-json\/wp\/v2\/types\/post"}],"replies":[{"embeddable":true,"href":"https:\/\/zennihost.com\/test\/wp-json\/wp\/v2\/comments?post=96756"}],"version-history":[{"count":0,"href":"https:\/\/zennihost.com\/test\/wp-json\/wp\/v2\/posts\/96756\/revisions"}],"wp:attachment":[{"href":"https:\/\/zennihost.com\/test\/wp-json\/wp\/v2\/media?parent=96756"}],"wp:term":[{"taxonomy":"category","embeddable":true,"href":"https:\/\/zennihost.com\/test\/wp-json\/wp\/v2\/categories?post=96756"},{"taxonomy":"post_tag","embeddable":true,"href":"https:\/\/zennihost.com\/test\/wp-json\/wp\/v2\/tags?post=96756"}],"curies":[{"name":"wp","href":"https:\/\/api.w.org\/{rel}","templated":true}]}}