{"id":96754,"date":"2026-08-13T11:48:14","date_gmt":"2026-08-13T11:48:14","guid":{"rendered":"https:\/\/zennihost.com\/test\/2026\/08\/13\/konstituimi-i-kuvendit-te-kosoves-ja-kur-duhet-te-mbahet-seanca-sipas-kushtetutes\/"},"modified":"2026-08-13T11:48:14","modified_gmt":"2026-08-13T11:48:14","slug":"konstituimi-i-kuvendit-te-kosoves-ja-kur-duhet-te-mbahet-seanca-sipas-kushtetutes","status":"publish","type":"post","link":"https:\/\/zennihost.com\/test\/2026\/08\/13\/konstituimi-i-kuvendit-te-kosoves-ja-kur-duhet-te-mbahet-seanca-sipas-kushtetutes\/","title":{"rendered":"Konstituimi i Kuvendit t\u00eb Kosov\u00ebs, ja kur duhet t\u00eb mbahet seanca sipas Kushtetut\u00ebs"},"content":{"rendered":"<p>Countdown-i\u2019 i afatit kushtetues p\u00ebr konstituimin e Kuvendit t\u00eb Kosov\u00ebs, nisi fill pas certifikimit t\u00eb rezultateve t\u00eb zgjedhjeve t\u00eb 7 qershorit. KQZ-ja i certifikoi rezultatet p\u00ebrfundimtare m\u00eb 8 korrik, nd\u00ebrsa, sipas Kushtetut\u00ebs, seanca konstituive duhet t\u00eb mbahet brenda 30 dit\u00ebsh nga certifikimi i rezultateve.<\/p>\n<p>Kjo n\u00ebnkuptonte se Kuvendi duhej t\u00eb konstituohej m\u00eb s\u00eb voni m\u00eb 7 gusht. Seanca konstituive nisi m\u00eb 6 gusht, por Kuvendi nuk arriti t\u00eb zgjedh\u00eb kryetarin dhe pes\u00eb n\u00ebnkryetar\u00ebt, t\u00eb cil\u00ebt, sipas p\u00ebrcaktimeve kushtetuese dhe praktik\u00ebs s\u00eb vendosur nga Gjykata Kushtetuese, jan\u00eb pjes\u00eb e procesit q\u00eb e p\u00ebrmbyll konstituimin e Kuvendit. Kryeministri n\u00eb detyr\u00eb, Albin Kurti, ka k\u00ebrkuar koh\u00eb p\u00ebr t\u00eb arritur nj\u00eb marr\u00ebveshje politike, ve\u00e7an\u00ebrisht p\u00ebr \u00e7\u00ebshtjen e presidentit t\u00eb ardhsh\u00ebm. Nd\u00ebrkoh\u00eb, Lidhja Demokratike e Kosov\u00ebs, me t\u00eb cil\u00ebn Vet\u00ebvendosja ka zhvilluar bisedime p\u00ebr nj\u00eb bashk\u00ebpunim t\u00eb mundsh\u00ebm, nuk ka arritur ende nj\u00eb marr\u00ebveshje politike.<\/p>\n<p>PDK-ja dhe AAK-ja, n\u00eb an\u00ebn tjet\u00ebr, kan\u00eb mbajtur q\u00ebndrimin se skadimi i afatit p\u00ebr konstituimin nuk e eliminon detyrimin e deputet\u00ebve p\u00ebr ta p\u00ebrfunduar seanc\u00ebn konstituive. Nga ana e saj, Vet\u00ebvendosja k\u00ebmb\u00ebngul se nj\u00eb marr\u00ebveshje politike p\u00ebr \u00e7\u00ebshtjet kryesore, ve\u00e7an\u00ebrisht p\u00ebr zgjedhjen e presidentit, do t\u00eb duhej t\u00eb arrihej p\u00ebrpara se procesi t\u00eb vazhdonte.<\/p>","protected":false},"excerpt":{"rendered":"<p>Countdown-i\u2019 i afatit kushtetues p\u00ebr konstituimin e Kuvendit t\u00eb Kosov\u00ebs, nisi fill pas certifikimit t\u00eb rezultateve t\u00eb zgjedhjeve t\u00eb 7 qershorit. KQZ-ja i certifikoi rezultatet p\u00ebrfundimtare m\u00eb 8 korrik, nd\u00ebrsa, sipas Kushtetut\u00ebs, seanca konstituive duhet t\u00eb mbahet brenda 30 dit\u00ebsh nga certifikimi i rezultateve. Kjo n\u00ebnkuptonte se Kuvendi duhej t\u00eb konstituohej m\u00eb s\u00eb voni m\u00eb [&hellip;]<\/p>\n","protected":false},"author":0,"featured_media":0,"comment_status":"open","ping_status":"open","sticky":false,"template":"","format":"standard","meta":{"footnotes":""},"categories":[1],"tags":[],"class_list":["post-96754","post","type-post","status-publish","format-standard","hentry","category-uncategorized"],"_links":{"self":[{"href":"https:\/\/zennihost.com\/test\/wp-json\/wp\/v2\/posts\/96754","targetHints":{"allow":["GET"]}}],"collection":[{"href":"https:\/\/zennihost.com\/test\/wp-json\/wp\/v2\/posts"}],"about":[{"href":"https:\/\/zennihost.com\/test\/wp-json\/wp\/v2\/types\/post"}],"replies":[{"embeddable":true,"href":"https:\/\/zennihost.com\/test\/wp-json\/wp\/v2\/comments?post=96754"}],"version-history":[{"count":0,"href":"https:\/\/zennihost.com\/test\/wp-json\/wp\/v2\/posts\/96754\/revisions"}],"wp:attachment":[{"href":"https:\/\/zennihost.com\/test\/wp-json\/wp\/v2\/media?parent=96754"}],"wp:term":[{"taxonomy":"category","embeddable":true,"href":"https:\/\/zennihost.com\/test\/wp-json\/wp\/v2\/categories?post=96754"},{"taxonomy":"post_tag","embeddable":true,"href":"https:\/\/zennihost.com\/test\/wp-json\/wp\/v2\/tags?post=96754"}],"curies":[{"name":"wp","href":"https:\/\/api.w.org\/{rel}","templated":true}]}}