{"id":96752,"date":"2026-08-13T11:48:12","date_gmt":"2026-08-13T11:48:12","guid":{"rendered":"https:\/\/zennihost.com\/test\/2026\/08\/13\/nga-neser-shmangni-autostraden-tirane-durres-per-dy-net-arrsh-njofton-bllokimin-e-korsive\/"},"modified":"2026-08-13T11:48:12","modified_gmt":"2026-08-13T11:48:12","slug":"nga-neser-shmangni-autostraden-tirane-durres-per-dy-net-arrsh-njofton-bllokimin-e-korsive","status":"publish","type":"post","link":"https:\/\/zennihost.com\/test\/2026\/08\/13\/nga-neser-shmangni-autostraden-tirane-durres-per-dy-net-arrsh-njofton-bllokimin-e-korsive\/","title":{"rendered":"Nga nes\u00ebr shmangni autostrad\u00ebn Tiran\u00eb-Durr\u00ebs p\u00ebr dy net: ARRSH njofton bllokimin e korsive"},"content":{"rendered":"<p>Autoriteti Rrugor Shqiptar (ARRSH) ka njoftuar se p\u00ebrgjat\u00eb datave 14 dhe 15 gusht 2026, nga ora 23:00 deri n\u00eb 05:00 t\u00eb m\u00ebngjesit, do t\u00eb zbatohet nj\u00eb plan i p\u00ebrkohsh\u00ebm p\u00ebr devijimin e trafikut n\u00eb autostrad\u00ebn Tiran\u00eb-Durr\u00ebs.<\/p>\n<p>Masat kufizuese nd\u00ebrmerren p\u00ebr shkak t\u00eb punimeve p\u00ebr montimin e trar\u00ebve metalik\u00eb t\u00eb mbikalimit t\u00eb ri t\u00eb Kasharit, n\u00eb kuad\u00ebr t\u00eb projektit p\u00ebr \u201cZgjerimin e Superstrad\u00ebs Tiran\u00eb-Durr\u00ebs (Faza III)\u201d.<\/p>\n<p>P\u00ebr t\u00eb garantuar sigurin\u00eb e qarkullimit gjat\u00eb orareve t\u00eb punimeve, do t\u00eb bllokohen dy korsit\u00eb e aksit kryesor n\u00eb drejtimin Tiran\u00eb-Durr\u00ebs. Trafiku i automjeteve q\u00eb udh\u00ebtojn\u00eb drejt Durr\u00ebsit do t\u00eb devijohet dhe do t\u00eb kaloj\u00eb n\u00eb dy korsit\u00eb e an\u00ebs s\u00eb majt\u00eb t\u00eb autostrad\u00ebs, t\u00eb cilat do t\u00eb funksionojn\u00eb p\u00ebrkoh\u00ebsisht me dy drejtime l\u00ebvizjeje.<\/p>\n<p>Sipas njoftimit zyrtar, mjetet q\u00eb kan\u00eb si destinacion Aeroportin Nd\u00ebrkomb\u00ebtar t\u00eb Rinasit do t\u00eb mund t\u00eb vijojn\u00eb l\u00ebvizjen e tyre pa pengesa.<\/p>\n<p>ARRSH u b\u00ebn thirrje drejtuesve t\u00eb mjeteve t\u00eb tregojn\u00eb kujdes t\u00eb shtuar gjat\u00eb k\u00ebtij intervali kohor, t\u00eb respektojn\u00eb sinjalistik\u00ebn e p\u00ebrkohshme rrugore dhe k\u00ebrkon mir\u00ebkuptimin e qytetar\u00ebve e bizneseve t\u00eb zon\u00ebs.<\/p>\n<p><strong>gijotina.com\/<\/strong><\/p>\n<p>The post <a href=\"https:\/\/gijotina.com\/bllokimi-8\/\">Nga nes\u00ebr shmangni autostrad\u00ebn Tiran\u00eb-Durr\u00ebs p\u00ebr dy net: ARRSH njofton bllokimin e korsive<\/a> appeared first on <a href=\"https:\/\/gijotina.com\/\">GIJOTINA<\/a>.<\/p>","protected":false},"excerpt":{"rendered":"<p>Autoriteti Rrugor Shqiptar (ARRSH) ka njoftuar se p\u00ebrgjat\u00eb datave 14 dhe 15 gusht 2026, nga ora 23:00 deri n\u00eb 05:00 t\u00eb m\u00ebngjesit, do t\u00eb zbatohet nj\u00eb plan i p\u00ebrkohsh\u00ebm p\u00ebr devijimin e trafikut n\u00eb autostrad\u00ebn Tiran\u00eb-Durr\u00ebs. Masat kufizuese nd\u00ebrmerren p\u00ebr shkak t\u00eb punimeve p\u00ebr montimin e trar\u00ebve metalik\u00eb t\u00eb mbikalimit t\u00eb ri t\u00eb Kasharit, n\u00eb [&hellip;]<\/p>\n","protected":false},"author":0,"featured_media":0,"comment_status":"open","ping_status":"open","sticky":false,"template":"","format":"standard","meta":{"footnotes":""},"categories":[1],"tags":[],"class_list":["post-96752","post","type-post","status-publish","format-standard","hentry","category-uncategorized"],"_links":{"self":[{"href":"https:\/\/zennihost.com\/test\/wp-json\/wp\/v2\/posts\/96752","targetHints":{"allow":["GET"]}}],"collection":[{"href":"https:\/\/zennihost.com\/test\/wp-json\/wp\/v2\/posts"}],"about":[{"href":"https:\/\/zennihost.com\/test\/wp-json\/wp\/v2\/types\/post"}],"replies":[{"embeddable":true,"href":"https:\/\/zennihost.com\/test\/wp-json\/wp\/v2\/comments?post=96752"}],"version-history":[{"count":0,"href":"https:\/\/zennihost.com\/test\/wp-json\/wp\/v2\/posts\/96752\/revisions"}],"wp:attachment":[{"href":"https:\/\/zennihost.com\/test\/wp-json\/wp\/v2\/media?parent=96752"}],"wp:term":[{"taxonomy":"category","embeddable":true,"href":"https:\/\/zennihost.com\/test\/wp-json\/wp\/v2\/categories?post=96752"},{"taxonomy":"post_tag","embeddable":true,"href":"https:\/\/zennihost.com\/test\/wp-json\/wp\/v2\/tags?post=96752"}],"curies":[{"name":"wp","href":"https:\/\/api.w.org\/{rel}","templated":true}]}}