{"id":96749,"date":"2026-08-13T10:48:14","date_gmt":"2026-08-13T10:48:14","guid":{"rendered":"https:\/\/zennihost.com\/test\/2026\/08\/13\/shqiptare-e-serbe-me-mire-nen-sindromen-e-viktimizimit-apo-viktima-te-megalomanise\/"},"modified":"2026-08-13T10:48:14","modified_gmt":"2026-08-13T10:48:14","slug":"shqiptare-e-serbe-me-mire-nen-sindromen-e-viktimizimit-apo-viktima-te-megalomanise","status":"publish","type":"post","link":"https:\/\/zennihost.com\/test\/2026\/08\/13\/shqiptare-e-serbe-me-mire-nen-sindromen-e-viktimizimit-apo-viktima-te-megalomanise\/","title":{"rendered":"Shqiptar\u00eb e serb\u00eb, m\u00eb mir\u00eb n\u00ebn sindrom\u00ebn e viktimizimit apo viktima t\u00eb megalomanis\u00eb?"},"content":{"rendered":"<p>Nga Lorenc Vangjeli<\/p>\n<p>T\u00eb d\u00ebnuar nga fati apo halli q\u00eb t\u00eb bashk\u00ebjetojm\u00eb me fqinj\u00ebt sllav\u00eb, t\u00eb cil\u00ebt erdh\u00ebn von\u00eb n\u00eb oborrin arb\u00ebnor, shqiptar\u00eb e serb\u00eb m\u00ebgjithat\u00eb e kan\u00eb nje gj\u00eb t\u00eb p\u00ebrbashk\u00ebt. N\u00ebnshtrimin e tyre t\u00eb plot\u00eb ndaj sindromave komb\u00ebtare. Shqiptar\u00ebt jan\u00eb viktima t\u00eb sindrom\u00ebs s\u00eb megalomanis\u00eb, serb\u00ebt, viktima t\u00eb viktimizimit t\u00eb tyre.<br \/>\nNuk ka shqiptar normal, akademik apo analfabet funksional, t\u00eb \u00e7do shtrese sociale dhe \u00e7do bindjeje politike, q\u00eb nuk beson sinqerisht se \u00ebsht\u00eb pasardh\u00ebs i drejtp\u00ebrdrejt\u00eb i nj\u00eb race superiore, q\u00eb \u00ebsht\u00eb autokton i kulluar, bashk\u00ebkoh\u00ebs me vet\u00eb Per\u00ebndin\u00eb dhe nip e st\u00ebrnip nga Homeri tek Napoleon Bonoparti, l\u00ebvrues i nj\u00eb gjuhe q\u00eb \u00ebsht\u00eb m\u00ebma e \u00e7do gjuhe. Shqiptar\u00ebt jan\u00eb subjekt e objekt i nj\u00eb t\u00eb shkuare q\u00eb sa esht\u00eb histori, \u00ebsht\u00eb edhe nj\u00eb mit i past\u00ebr. Rilindja komb\u00ebtare si fillim rizgjimi komb\u00ebtar, komunizmi si propagand\u00eb dhe frustrimi postpluralist, si p\u00ebrgjigje ndaj koh\u00ebs s\u00eb humbur, jan\u00eb tre portrete t\u00eb t\u00eb nj\u00ebjtit identikit. N\u00eb shekujt e gjat\u00eb n\u00ebn otoman\u00eb e deri n\u00eb \u00e7lirim, shqiptar\u00ebt kan\u00eb besuar qe e kan\u00eb p\u00ebrdorur pall\u00ebn e tyre krenare p\u00ebr t\u00eb \u00e7ar\u00eb rrug\u00ebn e historis\u00eb, por n\u00eb shumic\u00ebn e koh\u00ebs, e kan\u00eb p\u00ebrdorur vet\u00ebm n\u00eb dhom\u00ebn e gjumit si mjet mbijetese! Edhe sot, udh\u00ebheq\u00ebsit shqiptar\u00eb sh\u00ebnojn\u00eb me ngaz\u00ebllim q\u00eb nga rritmet m\u00eb t\u00eb larta t\u00eb rritjes mbas Gjermanis\u00eb e deri tek maja e hierarkis\u00eb n\u00eb siguri kibernetike. Q\u00eb nga bindja se Shqip\u00ebria \u00ebsht\u00eb nj\u00eb rast i ve\u00e7ant\u00eb e deri tek thyerja e fuqis\u00eb s\u00eb eg\u00ebr ruse n\u00eb OKB. Sot Edi Rama i pari dhe socialist\u00ebt mbas tij apo Berisha dje, jan\u00eb t\u00eb bindur pothuaj sa vet\u00eb Hoxha, q\u00eb Shqip\u00ebria \u00ebsht\u00eb n\u00eb q\u00ebnd\u00ebr t\u00eb v\u00ebm\u00ebndjes bot\u00ebrore, duke harruar se \u00ebsht\u00eb vet\u00ebm nj\u00eb vend modest, i vog\u00ebl dhe i varf\u00ebr. Nj\u00eb vend q\u00eb mund t\u00eb b\u00ebhet i madh vet\u00ebm n\u00ebse kupton vendin modest q\u00eb ze n\u00eb hart\u00ebn e interesave nd\u00ebrkomb\u00ebtare.<\/p>\n<p>Serb\u00ebt jan\u00eb nj\u00eb rast i ngjash\u00ebm; ata jan\u00eb viktima t\u00eb p\u00ebrhershme t\u00eb viktimizimit t\u00eb tyre komb\u00ebtar. Nj\u00eb serb normal \u00ebsht\u00eb i bindur se ka nj\u00eb konspiracion nd\u00ebrkomb\u00ebtar kund\u00ebr tyre. Ata jan\u00eb t\u00eb vetmit q\u00eb festojn\u00eb me qirinj n\u00eb dor\u00eb si fitore humbjet e tyre, si ajo n\u00eb Fush\u00eb-Kosov\u00eb 600 e kusur vite m\u00eb par\u00eb, ata jan\u00eb t\u00eb aft\u00eb q\u00eb statusin e tyre genocidial n\u00eb epilog t\u00eb ish-jugosllavis\u00eb ta shnd\u00ebrrojn\u00eb n\u00eb statusin e viktim\u00ebs. Serb\u00ebt e kan\u00eb viktimizimin e tyre nj\u00eb ideologji komb\u00ebtare. N\u00eb koh\u00ebn moderne, cdo hap e veprim legjitim i qeverive n\u00eb Republik\u00ebs e Kosov\u00ebs p\u00ebr sundimin e ligjit apo dhe qeverisjen normale t\u00eb saj, ata e shohin si revansh ndaj pakic\u00ebs serbe q\u00eb jeton aty, p\u00ebrndjekje, terror e spastrim etnik. Ankesat e fundit t\u00eb presidentit Vu\u00e7i\u00e7, me portretin e nj\u00eb adoleshenteje q\u00eb d\u00ebshp\u00ebrohet p\u00ebr vones\u00ebn e \u201catyre\u201d, faj\u00ebsimi i evropian\u00ebve q\u00eb tolerojn\u00eb shqiptar\u00ebt e tyre q\u00eb d\u00ebbojn\u00eb serb\u00ebt nga Kosova, nuk jan\u00eb nj\u00eb risi. Jan\u00eb vijim\u00ebsi e asaj q\u00eb kan\u00eb b\u00ebr\u00eb t\u00eb gjith\u00eb udh\u00ebheq\u00ebsit serb\u00eb p\u00ebrpara tij e me gjas\u00eb, si\u00e7 do t\u00eb b\u00ebjn\u00eb edhe ata q\u00eb do ta z\u00ebvend\u00ebsojn\u00eb n\u00eb pushtet.<\/p>\n<p>\u00c7far\u00eb \u00ebsht\u00eb m\u00eb e d\u00ebmshme, megalomania e narcizizmi fatkeq i nj\u00eb kombi si shqiptar\u00ebt apo viktimizimi si m\u00ebnyr\u00eb qasjeje ndaj bot\u00ebs i nj\u00eb shoq\u00ebrie si ajo serbe? E para \u00ebsht\u00eb marr\u00ebzia e madh\u00ebshtis\u00eb dhe t\u00eb jetuarit n\u00eb nj\u00eb ralitet paralel q\u00eb pak ka t\u00eb b\u00ebj\u00eb me t\u00eb vertet\u00ebn, e dyta ka qen\u00eb shum\u00eb shpesh shkak, burim e mit\u00ebr e p\u00ebrgjakur konfliktesh n\u00eb gjith\u00eb Ballkanin.<\/p>\n<p>Popujt jan\u00eb t\u00eb d\u00ebnuar t\u00eb jetojn\u00eb me defektet e tyre. Njohja e k\u00ebtyre defekteve \u00ebsht\u00eb rruga vetme drejt \u00e7lirimit prej tyre. Elita shqiptare e ka pranuar n\u00eb heshtje mitimizimin e \u201cHomo Albanicus\u201d; t\u00eb ngrihesh kund\u00ebr tij, m\u00eb shum\u00eb se kurajo shkencore e historike, k\u00ebrkon trim\u00ebri individuale p\u00ebr t\u2019u vendosur p\u00ebrball\u00eb murit t\u00eb turm\u00ebs. N\u00eb Serbi ende nuk b\u00ebhet fjal\u00eb q\u00eb t\u00eb qortohet kjo m\u00ebnyr\u00eb sjelljeje; z\u00ebrat e ndrojtur q\u00eb e kan\u00eb b\u00ebr\u00eb jan\u00eb marr\u00eb me shkelma deri n\u00eb kuptimin fizik t\u00eb fjal\u00ebs. E megjithat\u00eb, n\u00eb nj\u00eb bot\u00eb q\u00eb ka gjithmon\u00eb e m\u00eb pak koh\u00eb q\u00eb t\u00eb merret me g\u00ebrv\u00ebret ballkanike, ku besohet sinqerisht se \u00e7do gur \u00ebsht\u00eb thjesht histori, historia e t\u00eb nes\u00ebrmes do t\u00eb kaloj\u00eb vet\u00ebm n\u00ebp\u00ebrmjet zgjidhjes s\u00eb nj\u00eb ekuacioni gjeopolitik: Ballkani nuk do t\u00eb ket\u00eb kurr\u00eb paqe dhe qet\u00ebsi, sa koh\u00eb q\u00eb nuk do t\u00eb ket\u00eb paqe e bashk\u00ebjetes\u00eb mes shqiptar\u00ebve dhe serb\u00ebve. Dhe paqja kalon vet\u00ebm mbas triumfit t\u00eb luft\u00ebs mbi mitet e rreme!<\/p>","protected":false},"excerpt":{"rendered":"<p>Nga Lorenc Vangjeli T\u00eb d\u00ebnuar nga fati apo halli q\u00eb t\u00eb bashk\u00ebjetojm\u00eb me fqinj\u00ebt sllav\u00eb, t\u00eb cil\u00ebt erdh\u00ebn von\u00eb n\u00eb oborrin arb\u00ebnor, shqiptar\u00eb e serb\u00eb m\u00ebgjithat\u00eb e kan\u00eb nje gj\u00eb t\u00eb p\u00ebrbashk\u00ebt. N\u00ebnshtrimin e tyre t\u00eb plot\u00eb ndaj sindromave komb\u00ebtare. Shqiptar\u00ebt jan\u00eb viktima t\u00eb sindrom\u00ebs s\u00eb megalomanis\u00eb, serb\u00ebt, viktima t\u00eb viktimizimit t\u00eb tyre. Nuk ka [&hellip;]<\/p>\n","protected":false},"author":0,"featured_media":0,"comment_status":"open","ping_status":"open","sticky":false,"template":"","format":"standard","meta":{"footnotes":""},"categories":[1],"tags":[],"class_list":["post-96749","post","type-post","status-publish","format-standard","hentry","category-uncategorized"],"_links":{"self":[{"href":"https:\/\/zennihost.com\/test\/wp-json\/wp\/v2\/posts\/96749","targetHints":{"allow":["GET"]}}],"collection":[{"href":"https:\/\/zennihost.com\/test\/wp-json\/wp\/v2\/posts"}],"about":[{"href":"https:\/\/zennihost.com\/test\/wp-json\/wp\/v2\/types\/post"}],"replies":[{"embeddable":true,"href":"https:\/\/zennihost.com\/test\/wp-json\/wp\/v2\/comments?post=96749"}],"version-history":[{"count":0,"href":"https:\/\/zennihost.com\/test\/wp-json\/wp\/v2\/posts\/96749\/revisions"}],"wp:attachment":[{"href":"https:\/\/zennihost.com\/test\/wp-json\/wp\/v2\/media?parent=96749"}],"wp:term":[{"taxonomy":"category","embeddable":true,"href":"https:\/\/zennihost.com\/test\/wp-json\/wp\/v2\/categories?post=96749"},{"taxonomy":"post_tag","embeddable":true,"href":"https:\/\/zennihost.com\/test\/wp-json\/wp\/v2\/tags?post=96749"}],"curies":[{"name":"wp","href":"https:\/\/api.w.org\/{rel}","templated":true}]}}