{"id":96747,"date":"2026-08-13T10:48:12","date_gmt":"2026-08-13T10:48:12","guid":{"rendered":"https:\/\/zennihost.com\/test\/2026\/08\/13\/zjarri-del-jashte-kontrollit-ne-prisken-e-madhe-zjarrfikesi-situata-eshte-e-komplikuar\/"},"modified":"2026-08-13T10:48:12","modified_gmt":"2026-08-13T10:48:12","slug":"zjarri-del-jashte-kontrollit-ne-prisken-e-madhe-zjarrfikesi-situata-eshte-e-komplikuar","status":"publish","type":"post","link":"https:\/\/zennihost.com\/test\/2026\/08\/13\/zjarri-del-jashte-kontrollit-ne-prisken-e-madhe-zjarrfikesi-situata-eshte-e-komplikuar\/","title":{"rendered":"Zjarri del jasht\u00eb kontrollit n\u00eb Prisk\u00ebn e Madhe, zjarrfik\u00ebsi: Situata \u00ebsht\u00eb e komplikuar"},"content":{"rendered":"<p>Zjarri q\u00eb ka p\u00ebrfshir\u00eb zon\u00ebn e Prisk\u00ebs vijon t\u00eb jet\u00eb aktiv, nd\u00ebrsa forcat zjarrfik\u00ebse po punojn\u00eb p\u00ebr izolimin e flak\u00ebve. Dend\u00ebsia e madhe e pyllit dhe era po e v\u00ebshtir\u00ebsojn\u00eb nd\u00ebrhyrjen direkte, nd\u00ebrsa n\u00eb terren jan\u00eb angazhuar disa grupe zjarrfik\u00ebsish.<\/p>\n<p>nj\u00eb prej zjarrfik\u00ebsve q\u00eb ndodhet n\u00eb terren ka shpjeguar situat\u00ebn dhe v\u00ebshtir\u00ebsit\u00eb me t\u00eb cilat po p\u00ebrballen ekipet.<\/p>\n<p><em>\u201cKemi ardhur sot n\u00eb m\u00ebngjes, kemi z\u00ebvend\u00ebsuar dy grupe t\u00eb tjera q\u00eb kan\u00eb qen\u00eb n\u00eb gatishm\u00ebri dhe sh\u00ebrbim 24 or\u00eb. Jemi dy grupe t\u00eb stacionit ton\u00eb, plus 5 stacione t\u00eb Drejtoris\u00eb s\u00eb Tiran\u00ebs. Situata \u00ebsht\u00eb e komplikuar, sepse dend\u00ebsia e pyllit \u00ebsht\u00eb e madhe dhe \u00ebsht\u00eb e v\u00ebshtir\u00eb ta luftojm\u00eb n\u00eb m\u00ebnyr\u00eb direkte. Flak\u00ebt po i favorizon edhe era, por po mundohemi ta mbajm\u00eb t\u00eb izoluar\u201d,<\/em>\u00a0shprehet zjarrfik\u00ebsi.<\/p>\n<p><strong>gijotina.com\/<\/strong><\/p>\n<p>The post <a href=\"https:\/\/gijotina.com\/zjarret-15\/\">Zjarri del jasht\u00eb kontrollit n\u00eb Prisk\u00ebn e Madhe, zjarrfik\u00ebsi: Situata \u00ebsht\u00eb e komplikuar<\/a> appeared first on <a href=\"https:\/\/gijotina.com\/\">GIJOTINA<\/a>.<\/p>","protected":false},"excerpt":{"rendered":"<p>Zjarri q\u00eb ka p\u00ebrfshir\u00eb zon\u00ebn e Prisk\u00ebs vijon t\u00eb jet\u00eb aktiv, nd\u00ebrsa forcat zjarrfik\u00ebse po punojn\u00eb p\u00ebr izolimin e flak\u00ebve. Dend\u00ebsia e madhe e pyllit dhe era po e v\u00ebshtir\u00ebsojn\u00eb nd\u00ebrhyrjen direkte, nd\u00ebrsa n\u00eb terren jan\u00eb angazhuar disa grupe zjarrfik\u00ebsish. nj\u00eb prej zjarrfik\u00ebsve q\u00eb ndodhet n\u00eb terren ka shpjeguar situat\u00ebn dhe v\u00ebshtir\u00ebsit\u00eb me t\u00eb cilat [&hellip;]<\/p>\n","protected":false},"author":0,"featured_media":0,"comment_status":"open","ping_status":"open","sticky":false,"template":"","format":"standard","meta":{"footnotes":""},"categories":[1],"tags":[],"class_list":["post-96747","post","type-post","status-publish","format-standard","hentry","category-uncategorized"],"_links":{"self":[{"href":"https:\/\/zennihost.com\/test\/wp-json\/wp\/v2\/posts\/96747","targetHints":{"allow":["GET"]}}],"collection":[{"href":"https:\/\/zennihost.com\/test\/wp-json\/wp\/v2\/posts"}],"about":[{"href":"https:\/\/zennihost.com\/test\/wp-json\/wp\/v2\/types\/post"}],"replies":[{"embeddable":true,"href":"https:\/\/zennihost.com\/test\/wp-json\/wp\/v2\/comments?post=96747"}],"version-history":[{"count":0,"href":"https:\/\/zennihost.com\/test\/wp-json\/wp\/v2\/posts\/96747\/revisions"}],"wp:attachment":[{"href":"https:\/\/zennihost.com\/test\/wp-json\/wp\/v2\/media?parent=96747"}],"wp:term":[{"taxonomy":"category","embeddable":true,"href":"https:\/\/zennihost.com\/test\/wp-json\/wp\/v2\/categories?post=96747"},{"taxonomy":"post_tag","embeddable":true,"href":"https:\/\/zennihost.com\/test\/wp-json\/wp\/v2\/tags?post=96747"}],"curies":[{"name":"wp","href":"https:\/\/api.w.org\/{rel}","templated":true}]}}