{"id":96745,"date":"2026-08-13T09:48:16","date_gmt":"2026-08-13T09:48:16","guid":{"rendered":"https:\/\/zennihost.com\/test\/2026\/08\/13\/kush-eshte-gruaja-qe-u-be-virale-pasi-u-shfaq-pas-trumpit\/"},"modified":"2026-08-13T09:48:16","modified_gmt":"2026-08-13T09:48:16","slug":"kush-eshte-gruaja-qe-u-be-virale-pasi-u-shfaq-pas-trumpit","status":"publish","type":"post","link":"https:\/\/zennihost.com\/test\/2026\/08\/13\/kush-eshte-gruaja-qe-u-be-virale-pasi-u-shfaq-pas-trumpit\/","title":{"rendered":"Kush \u00ebsht\u00eb gruaja q\u00eb u b\u00eb virale pasi u shfaq pas Trumpit?"},"content":{"rendered":"<p>Nj\u00eb fytyr\u00eb e shfaqur pas Donald Trumpit gjat\u00eb nj\u00eb deklarate n\u00eb Sht\u00ebpin\u00eb e Bardh\u00eb mjaftoi p\u00ebr t\u00eb nxitur kureshtjen e p\u00ebrdoruesve n\u00eb rrjetet sociale. Pyetja q\u00eb qarkulloi ishte e thjesht\u00eb: kush \u00ebsht\u00eb gruaja q\u00eb u shfaq pas presidentit amerikan?<\/p>\n<p>B\u00ebhet fjal\u00eb p\u00ebr Jayme Franklin, themeluese dhe drejtoresh\u00eb e The Conservateur, nj\u00eb platform\u00eb konservatore q\u00eb fokusohet te politika, kultura, feja, moda, bukuria dhe p\u00ebrditshm\u00ebria, me nj\u00eb audienc\u00eb t\u00eb orientuar ve\u00e7an\u00ebrisht drejt grave t\u00eb reja konservatore t\u00eb krishtera.<\/p>\n<p>Franklin nuk \u00ebsht\u00eb nj\u00eb em\u00ebr i panjohur n\u00eb qarqet republikane amerikane. Ajo ka punuar n\u00eb Senatin amerikan, n\u00eb fushat\u00ebn presidenciale t\u00eb Trumpit n\u00eb vitin 2020 dhe m\u00eb pas n\u00eb Sht\u00ebpin\u00eb e Bardh\u00eb, nd\u00ebrsa ka pasur edhe angazhime n\u00eb Fox News.<\/p>\n<p>N\u00eb vitin 2025, ajo nisi podcastin Sincerely American s\u00eb bashku me ish-pjes\u00ebtaren e administrat\u00ebs Trump, Camryn Kinsey. Dyshja trajton tema q\u00eb variojn\u00eb nga politika dhe kultura popullore te rrjetet sociale dhe moda, gjithmon\u00eb nga nj\u00eb k\u00ebndv\u00ebshtrim konservator.<\/p>\n<p>Franklin ishte e pranishme n\u00eb Zyr\u00ebn Ovale gjat\u00eb njoftimit t\u00eb Trumpit p\u00ebr ndryshimet n\u00eb rekomandimet federale p\u00ebr vaksinimin e f\u00ebmij\u00ebve. Pas paraqitjes, ajo reagoi n\u00eb X, duke th\u00ebn\u00eb se ishte e nderuar t\u00eb ishte pjes\u00eb e takimit me presidentin.<\/p>\n<p>Sot, Franklin jeton n\u00eb Washington me bashk\u00ebshortin e saj, Drake, dhe vajz\u00ebn e tyre, Vivienne.<\/p>\n<p>Nj\u00eb paraqitje e shkurt\u00ebr n\u00eb sfond t\u00eb nj\u00eb deklarate presidenciale e b\u00ebri, p\u00ebr pak or\u00eb, subjektin e nj\u00eb prej pyetjeve m\u00eb t\u00eb k\u00ebrkuara n\u00eb rrjet: \u201cKush \u00ebsht\u00eb ajo?\u201d<\/p>","protected":false},"excerpt":{"rendered":"<p>Nj\u00eb fytyr\u00eb e shfaqur pas Donald Trumpit gjat\u00eb nj\u00eb deklarate n\u00eb Sht\u00ebpin\u00eb e Bardh\u00eb mjaftoi p\u00ebr t\u00eb nxitur kureshtjen e p\u00ebrdoruesve n\u00eb rrjetet sociale. Pyetja q\u00eb qarkulloi ishte e thjesht\u00eb: kush \u00ebsht\u00eb gruaja q\u00eb u shfaq pas presidentit amerikan? B\u00ebhet fjal\u00eb p\u00ebr Jayme Franklin, themeluese dhe drejtoresh\u00eb e The Conservateur, nj\u00eb platform\u00eb konservatore q\u00eb fokusohet [&hellip;]<\/p>\n","protected":false},"author":0,"featured_media":0,"comment_status":"open","ping_status":"open","sticky":false,"template":"","format":"standard","meta":{"footnotes":""},"categories":[1],"tags":[],"class_list":["post-96745","post","type-post","status-publish","format-standard","hentry","category-uncategorized"],"_links":{"self":[{"href":"https:\/\/zennihost.com\/test\/wp-json\/wp\/v2\/posts\/96745","targetHints":{"allow":["GET"]}}],"collection":[{"href":"https:\/\/zennihost.com\/test\/wp-json\/wp\/v2\/posts"}],"about":[{"href":"https:\/\/zennihost.com\/test\/wp-json\/wp\/v2\/types\/post"}],"replies":[{"embeddable":true,"href":"https:\/\/zennihost.com\/test\/wp-json\/wp\/v2\/comments?post=96745"}],"version-history":[{"count":0,"href":"https:\/\/zennihost.com\/test\/wp-json\/wp\/v2\/posts\/96745\/revisions"}],"wp:attachment":[{"href":"https:\/\/zennihost.com\/test\/wp-json\/wp\/v2\/media?parent=96745"}],"wp:term":[{"taxonomy":"category","embeddable":true,"href":"https:\/\/zennihost.com\/test\/wp-json\/wp\/v2\/categories?post=96745"},{"taxonomy":"post_tag","embeddable":true,"href":"https:\/\/zennihost.com\/test\/wp-json\/wp\/v2\/tags?post=96745"}],"curies":[{"name":"wp","href":"https:\/\/api.w.org\/{rel}","templated":true}]}}