{"id":96744,"date":"2026-08-13T09:48:15","date_gmt":"2026-08-13T09:48:15","guid":{"rendered":"https:\/\/zennihost.com\/test\/2026\/08\/13\/milan-takim-cardinale-amorim-ne-pritje-te-maignan-por-portieri-nuk-eshte-ne-merkato\/"},"modified":"2026-08-13T09:48:15","modified_gmt":"2026-08-13T09:48:15","slug":"milan-takim-cardinale-amorim-ne-pritje-te-maignan-por-portieri-nuk-eshte-ne-merkato","status":"publish","type":"post","link":"https:\/\/zennihost.com\/test\/2026\/08\/13\/milan-takim-cardinale-amorim-ne-pritje-te-maignan-por-portieri-nuk-eshte-ne-merkato\/","title":{"rendered":"Milan, takim Cardinale-Amorim, n\u00eb pritje t\u00eb Maignan, por portieri nuk \u00ebsht\u00eb n\u00eb merkato"},"content":{"rendered":"<p>Prania e Gerry Cardinale n\u00eb Milanello nuk kalon pa u v\u00ebn\u00eb re. Gjat\u00eb k\u00ebsaj t\u00eb enjteje, pronari i kuqezinjve ka nj\u00eb takim me trajnerin Ruben Amorim p\u00ebr t\u00eb b\u00ebr\u00eb nj\u00eb p\u00ebrmbledhjeve t\u00eb shenjave t\u00eb marra nga skuadra n\u00eb turne dhe p\u00ebr t\u00eb kuptuar hap\u00ebsirat p\u00ebr l\u00ebvizjet n\u00eb merkato.<\/p>\n<p>Mes largimeve t\u00eb nevojshme p\u00ebr t\u00eb \u2018shpopulluar\u2019 nj\u00eb skuad\u00ebr me shum\u00eb futbollist\u00eb dhe objektiveve p\u00ebr blerjet, pronari i klubit dhe trajneri, nuk do t\u00eb merren me \u00e7\u00ebshtjen e kthimit me vones\u00eb t\u00eb Maignan dhe Adrien Rabiot t\u00eb v\u00ebn\u00eb n\u00eb sh\u00ebnjest\u00ebr nga tifoz\u00ebt p\u00ebr pushimet e tyre ekstra pas Bot\u00ebrorit. <\/p>\n<p>T\u00eb dy futbollist\u00ebt konsiderohen si shtyllat e Milanit t\u00eb ri dhe nuk jan\u00eb n\u00eb merkato. Z\u00ebrat p\u00ebr Maignan ishin t\u00eb shumt\u00eb, por portieri francez n\u00eb janar rinovoi deri n\u00eb 2031 dhe mbetet n\u00eb qend\u00ebr t\u00eb projektit t\u00eb Amorim. Prej tij nuk kan\u00eb ardhur sinjale ndryshe dhe si Cardinale ashtu edhe trajneri do t\u00eb flasin me t\u00eb n\u00eb momentin q\u00eb do t\u00eb kthehet n\u00eb Milano p\u00ebr t\u00eb marr\u00eb konfirmime n\u00eb k\u00ebt\u00eb aspekt.<\/p>","protected":false},"excerpt":{"rendered":"<p>Prania e Gerry Cardinale n\u00eb Milanello nuk kalon pa u v\u00ebn\u00eb re. Gjat\u00eb k\u00ebsaj t\u00eb enjteje, pronari i kuqezinjve ka nj\u00eb takim me trajnerin Ruben Amorim p\u00ebr t\u00eb b\u00ebr\u00eb nj\u00eb p\u00ebrmbledhjeve t\u00eb shenjave t\u00eb marra nga skuadra n\u00eb turne dhe p\u00ebr t\u00eb kuptuar hap\u00ebsirat p\u00ebr l\u00ebvizjet n\u00eb merkato. Mes largimeve t\u00eb nevojshme p\u00ebr t\u00eb \u2018shpopulluar\u2019 [&hellip;]<\/p>\n","protected":false},"author":0,"featured_media":0,"comment_status":"open","ping_status":"open","sticky":false,"template":"","format":"standard","meta":{"footnotes":""},"categories":[1],"tags":[],"class_list":["post-96744","post","type-post","status-publish","format-standard","hentry","category-uncategorized"],"_links":{"self":[{"href":"https:\/\/zennihost.com\/test\/wp-json\/wp\/v2\/posts\/96744","targetHints":{"allow":["GET"]}}],"collection":[{"href":"https:\/\/zennihost.com\/test\/wp-json\/wp\/v2\/posts"}],"about":[{"href":"https:\/\/zennihost.com\/test\/wp-json\/wp\/v2\/types\/post"}],"replies":[{"embeddable":true,"href":"https:\/\/zennihost.com\/test\/wp-json\/wp\/v2\/comments?post=96744"}],"version-history":[{"count":0,"href":"https:\/\/zennihost.com\/test\/wp-json\/wp\/v2\/posts\/96744\/revisions"}],"wp:attachment":[{"href":"https:\/\/zennihost.com\/test\/wp-json\/wp\/v2\/media?parent=96744"}],"wp:term":[{"taxonomy":"category","embeddable":true,"href":"https:\/\/zennihost.com\/test\/wp-json\/wp\/v2\/categories?post=96744"},{"taxonomy":"post_tag","embeddable":true,"href":"https:\/\/zennihost.com\/test\/wp-json\/wp\/v2\/tags?post=96744"}],"curies":[{"name":"wp","href":"https:\/\/api.w.org\/{rel}","templated":true}]}}