{"id":96741,"date":"2026-08-13T09:48:14","date_gmt":"2026-08-13T09:48:14","guid":{"rendered":"https:\/\/zennihost.com\/test\/2026\/08\/13\/deme-te-medha-nga-zjarri-ne-priske-nje-shtepi-e-djegur-dhe-familje-te-evakuuara-shkrumbohen-pyje-dhe-ullishte\/"},"modified":"2026-08-13T09:48:14","modified_gmt":"2026-08-13T09:48:14","slug":"deme-te-medha-nga-zjarri-ne-priske-nje-shtepi-e-djegur-dhe-familje-te-evakuuara-shkrumbohen-pyje-dhe-ullishte","status":"publish","type":"post","link":"https:\/\/zennihost.com\/test\/2026\/08\/13\/deme-te-medha-nga-zjarri-ne-priske-nje-shtepi-e-djegur-dhe-familje-te-evakuuara-shkrumbohen-pyje-dhe-ullishte\/","title":{"rendered":"D\u00ebme t\u00eb m\u00ebdha nga zjarri n\u00eb Prisk\u00eb, nj\u00eb sht\u00ebpi e djegur dhe familje t\u00eb evakuuara, shkrumbohen pyje dhe ullishte"},"content":{"rendered":"<p>Zjarri q\u00eb prej dit\u00ebsh vijon t\u00eb jet\u00eb aktiv n\u00eb zon\u00ebn e Prisk\u00ebs s\u00eb Madhe ka marr\u00eb p\u00ebrmasa m\u00eb t\u00eb m\u00ebdha dhe \u00ebsht\u00eb p\u00ebrhapur edhe n\u00eb drejtim t\u00eb Lundr\u00ebs, Fark\u00ebs s\u00eb Madhe dhe Gurr\u00ebs, duke rritur ndjesh\u00ebm rrezikun p\u00ebr banor\u00ebt dhe pronat e tyre.<\/p>\n<p>lak\u00ebt kan\u00eb p\u00ebrfshir\u00eb sip\u00ebrfaqe t\u00eb konsiderueshme me bim\u00ebsi dhe ullishte, nd\u00ebrsa situata paraqitet problematike p\u00ebr shkak t\u00eb p\u00ebrhapjes s\u00eb vatrave.<\/p>\n<p>Raportohet se \u00ebsht\u00eb djegur edhe nj\u00eb shtepi e pabanuar, nd\u00ebrsa tre familje jan\u00eb evakuar p\u00ebr arsye sigurie.<\/p>\n<p>Sipas banor\u00ebve t\u00eb zon\u00ebs, dhjet\u00ebra bag\u00ebti kan\u00eb mbetur t\u00eb bllokuara n\u00eb zonat pyjore t\u00eb p\u00ebrfshira nga flak\u00ebt dhe dyshohet se nj\u00eb pjes\u00eb e tyre mund t\u00eb ken\u00eb ngordhur.<\/p>\n<p>Gjithashtu, n\u00eb zon\u00eb shquhet edhe nj\u00eb makin\u00eb e djegur plot\u00ebsisht, teksa nuk dihet n\u00ebse ka qen\u00eb e braktisur apo ende n\u00eb p\u00ebrdorimin e ndonj\u00ebrit prej banor\u00ebve.<\/p>\n\n<p>P\u00ebrball\u00eb p\u00ebrhapjes s\u00eb zjarrit, nd\u00ebrhyrja po vijon si nga toka, ashtu edhe nga ajri. Dy helikopter\u00eb jan\u00eb angazhuar n\u00eb operacion, duke marr\u00eb uj\u00eb nga Liqeni i Fark\u00ebs dhe duke nd\u00ebrhyr\u00eb mbi vatrat e zjarrit.<\/p>\n<p>Nd\u00ebrkoh\u00eb, forcat tok\u00ebsore ndodhen n\u00eb terren dhe jan\u00eb n\u00eb gatishm\u00ebri p\u00ebr t\u00eb izoluar flak\u00ebt dhe p\u00ebr t\u00eb parandaluar p\u00ebrhapjen e tyre drejt zonave t\u00eb banuara.<\/p>\n<p>Situata vijon t\u00eb monitorohet, nd\u00ebrsa p\u00ebrhapja e zjarrit n\u00eb drejtim t\u00eb Lundr\u00ebs ka shtuar shqet\u00ebsimin p\u00ebr banor\u00ebt e zon\u00ebs, teksa tymi ka shkaktuar mjaft shqet\u00ebsime p\u00ebr ta.<\/p>\n<p><strong>gijotina.com\/<\/strong><\/p>\n<p>The post <a href=\"https:\/\/gijotina.com\/situata-27\/\">D\u00ebme t\u00eb m\u00ebdha nga zjarri n\u00eb Prisk\u00eb, nj\u00eb sht\u00ebpi e djegur dhe familje t\u00eb evakuuara, shkrumbohen pyje dhe ullishte<\/a> appeared first on <a href=\"https:\/\/gijotina.com\/\">GIJOTINA<\/a>.<\/p>","protected":false},"excerpt":{"rendered":"<p>Zjarri q\u00eb prej dit\u00ebsh vijon t\u00eb jet\u00eb aktiv n\u00eb zon\u00ebn e Prisk\u00ebs s\u00eb Madhe ka marr\u00eb p\u00ebrmasa m\u00eb t\u00eb m\u00ebdha dhe \u00ebsht\u00eb p\u00ebrhapur edhe n\u00eb drejtim t\u00eb Lundr\u00ebs, Fark\u00ebs s\u00eb Madhe dhe Gurr\u00ebs, duke rritur ndjesh\u00ebm rrezikun p\u00ebr banor\u00ebt dhe pronat e tyre. lak\u00ebt kan\u00eb p\u00ebrfshir\u00eb sip\u00ebrfaqe t\u00eb konsiderueshme me bim\u00ebsi dhe ullishte, nd\u00ebrsa situata [&hellip;]<\/p>\n","protected":false},"author":0,"featured_media":0,"comment_status":"open","ping_status":"open","sticky":false,"template":"","format":"standard","meta":{"footnotes":""},"categories":[1],"tags":[],"class_list":["post-96741","post","type-post","status-publish","format-standard","hentry","category-uncategorized"],"_links":{"self":[{"href":"https:\/\/zennihost.com\/test\/wp-json\/wp\/v2\/posts\/96741","targetHints":{"allow":["GET"]}}],"collection":[{"href":"https:\/\/zennihost.com\/test\/wp-json\/wp\/v2\/posts"}],"about":[{"href":"https:\/\/zennihost.com\/test\/wp-json\/wp\/v2\/types\/post"}],"replies":[{"embeddable":true,"href":"https:\/\/zennihost.com\/test\/wp-json\/wp\/v2\/comments?post=96741"}],"version-history":[{"count":0,"href":"https:\/\/zennihost.com\/test\/wp-json\/wp\/v2\/posts\/96741\/revisions"}],"wp:attachment":[{"href":"https:\/\/zennihost.com\/test\/wp-json\/wp\/v2\/media?parent=96741"}],"wp:term":[{"taxonomy":"category","embeddable":true,"href":"https:\/\/zennihost.com\/test\/wp-json\/wp\/v2\/categories?post=96741"},{"taxonomy":"post_tag","embeddable":true,"href":"https:\/\/zennihost.com\/test\/wp-json\/wp\/v2\/tags?post=96741"}],"curies":[{"name":"wp","href":"https:\/\/api.w.org\/{rel}","templated":true}]}}