{"id":96740,"date":"2026-08-13T09:48:13","date_gmt":"2026-08-13T09:48:13","guid":{"rendered":"https:\/\/zennihost.com\/test\/2026\/08\/13\/federata-holandeze-e-futbollit-emeron-xavi-hernandes-si-trajnerin-e-ri-te-tulipaneve\/"},"modified":"2026-08-13T09:48:13","modified_gmt":"2026-08-13T09:48:13","slug":"federata-holandeze-e-futbollit-emeron-xavi-hernandes-si-trajnerin-e-ri-te-tulipaneve","status":"publish","type":"post","link":"https:\/\/zennihost.com\/test\/2026\/08\/13\/federata-holandeze-e-futbollit-emeron-xavi-hernandes-si-trajnerin-e-ri-te-tulipaneve\/","title":{"rendered":"Federata holandeze e futbollit, em\u00ebron Xavi Hernandes si trajnerin e ri t\u00eb \u2018tulipan\u00ebve\u2019"},"content":{"rendered":"<p>Lajmi i papritur erdhi nga federata holandeze e futbollit q\u00eb njoftoi kontrat\u00ebn 4-vje\u00e7are me spanjollin. Ish-trajneri i Barcelon\u00ebs do t\u00eb drejtoj\u00eb projektin deri n\u00eb 2030 kur p\u00ebrfshihet edhe Bot\u00ebrori.<\/p>\n<p>Xavi pason n\u00eb k\u00ebt\u00eb detyr\u00eb Roland Koeman, i cili u largua pas Bot\u00ebroritt \u00eb d\u00ebshtuar n\u00eb Amerik\u00eb. Holanda u eliminua q\u00eb n\u00eb faz\u00ebn e 1\/32 nga Maroku edhe pse pritshm\u00ebrit\u00eb ishin t\u00eb m\u00ebdha.<\/p>\n<p><em>\u201cXavi Hernandez \u00ebsht\u00eb em\u00ebruar trajneri i ri i ekipit komb\u00ebtar t\u00eb meshkujve t\u00eb Holand\u00ebs. Spanjolli 46-vje\u00e7ar z\u00ebvend\u00ebson Ronald Koeman. Xavi ka arritur nj\u00eb marr\u00ebveshje me KNVB-n\u00eb p\u00ebr nj\u00eb kontrat\u00eb q\u00eb do ta mbaj\u00eb at\u00eb n\u00eb ekip deri n\u00eb Kup\u00ebn e Bot\u00ebs FIFA 2030,\u201d-<\/em>thuhet n\u00eb njoftimin e federates holandeze.<\/p>\n<p><strong>gijotina.com\/<\/strong><\/p>\n<p>The post <a href=\"https:\/\/gijotina.com\/kombetarja-10\/\">Federata holandeze e futbollit, em\u00ebron Xavi Hernandes si trajnerin e ri t\u00eb \u2018tulipan\u00ebve\u2019<\/a> appeared first on <a href=\"https:\/\/gijotina.com\/\">GIJOTINA<\/a>.<\/p>","protected":false},"excerpt":{"rendered":"<p>Lajmi i papritur erdhi nga federata holandeze e futbollit q\u00eb njoftoi kontrat\u00ebn 4-vje\u00e7are me spanjollin. Ish-trajneri i Barcelon\u00ebs do t\u00eb drejtoj\u00eb projektin deri n\u00eb 2030 kur p\u00ebrfshihet edhe Bot\u00ebrori. Xavi pason n\u00eb k\u00ebt\u00eb detyr\u00eb Roland Koeman, i cili u largua pas Bot\u00ebroritt \u00eb d\u00ebshtuar n\u00eb Amerik\u00eb. Holanda u eliminua q\u00eb n\u00eb faz\u00ebn e 1\/32 nga [&hellip;]<\/p>\n","protected":false},"author":0,"featured_media":0,"comment_status":"open","ping_status":"open","sticky":false,"template":"","format":"standard","meta":{"footnotes":""},"categories":[1],"tags":[],"class_list":["post-96740","post","type-post","status-publish","format-standard","hentry","category-uncategorized"],"_links":{"self":[{"href":"https:\/\/zennihost.com\/test\/wp-json\/wp\/v2\/posts\/96740","targetHints":{"allow":["GET"]}}],"collection":[{"href":"https:\/\/zennihost.com\/test\/wp-json\/wp\/v2\/posts"}],"about":[{"href":"https:\/\/zennihost.com\/test\/wp-json\/wp\/v2\/types\/post"}],"replies":[{"embeddable":true,"href":"https:\/\/zennihost.com\/test\/wp-json\/wp\/v2\/comments?post=96740"}],"version-history":[{"count":0,"href":"https:\/\/zennihost.com\/test\/wp-json\/wp\/v2\/posts\/96740\/revisions"}],"wp:attachment":[{"href":"https:\/\/zennihost.com\/test\/wp-json\/wp\/v2\/media?parent=96740"}],"wp:term":[{"taxonomy":"category","embeddable":true,"href":"https:\/\/zennihost.com\/test\/wp-json\/wp\/v2\/categories?post=96740"},{"taxonomy":"post_tag","embeddable":true,"href":"https:\/\/zennihost.com\/test\/wp-json\/wp\/v2\/tags?post=96740"}],"curies":[{"name":"wp","href":"https:\/\/api.w.org\/{rel}","templated":true}]}}