{"id":96737,"date":"2026-08-13T09:48:12","date_gmt":"2026-08-13T09:48:12","guid":{"rendered":"https:\/\/zennihost.com\/test\/2026\/08\/13\/nga-zjarri-ne-priske-nderpritet-energjia-elektrike-dhe-furnizimi-me-uje-per-zonen-lundres\/"},"modified":"2026-08-13T09:48:12","modified_gmt":"2026-08-13T09:48:12","slug":"nga-zjarri-ne-priske-nderpritet-energjia-elektrike-dhe-furnizimi-me-uje-per-zonen-lundres","status":"publish","type":"post","link":"https:\/\/zennihost.com\/test\/2026\/08\/13\/nga-zjarri-ne-priske-nderpritet-energjia-elektrike-dhe-furnizimi-me-uje-per-zonen-lundres\/","title":{"rendered":"Nga zjarri n\u00eb Prisk\u00eb, nd\u00ebrpritet energjia elektrike dhe furnizimi me uj\u00eb p\u00ebr zon\u00ebn Lundr\u00ebs"},"content":{"rendered":"<p>Zjarri q\u00eb prej dit\u00ebsh vijon t\u00eb jet\u00eb aktiv n\u00eb zon\u00ebn e Prisk\u00ebs s\u00eb Madhe \u00ebsht\u00eb p\u00ebrhapur edhe n\u00eb drejtim t\u00eb Lundr\u00ebs, Fark\u00ebs s\u00eb Madhe dhe Gurr\u00ebs.<\/p>\n<p>Situata e zjarreve ka sjell\u00eb edhe nd\u00ebrprerje t\u00eb energjis\u00eb elektrike n\u00eb zon\u00eb, duke detyruar fikjen e stacionit t\u00eb pompimit t\u00eb ujit n\u00eb Prisk\u00eb. Si pasoj\u00eb, banor\u00ebt e zon\u00ebs s\u00eb Lundr\u00ebs do t\u00eb p\u00ebrballen me nd\u00ebrprerje t\u00eb furnizimit me uj\u00eb.<\/p>\n<p>Njoftimi \u00ebsht\u00eb b\u00ebr\u00eb nga Uj\u00ebsjell\u00ebs Kanalizime Tiran\u00eb, i cili sqaron se nd\u00ebrprerja e ujit vjen si pasoj\u00eb e situat\u00ebs s\u00eb krijuar nga zjarret dhe nd\u00ebrprerjes s\u00eb energjis\u00eb elektrike.<\/p>\n<p>UKT b\u00ebn me dije se do t\u00eb njoftoj\u00eb s\u00ebrish qytetar\u00ebt pas rikthimit t\u00eb situat\u00ebs n\u00eb normalitet dhe t\u00eb furnizimit me uj\u00eb.<\/p>\n<p>Nd\u00ebrkoh\u00eb, zjarri vijon t\u00eb jet\u00eb aktiv n\u00eb zon\u00eb. Flak\u00ebt kan\u00eb p\u00ebrfshir\u00eb sip\u00ebrfaqe me bim\u00ebsi dhe ullishte, nd\u00ebrsa nj\u00eb banes\u00eb e pabanuar \u00ebsht\u00eb djegur dhe tre familje jan\u00eb evakuuar p\u00ebr arsye sigurie.<\/p>\n<p>Banor\u00ebt kan\u00eb raportuar gjithashtu se dhjet\u00ebra bag\u00ebti kan\u00eb mbetur t\u00eb bllokuara n\u00eb zonat e p\u00ebrfshira nga flak\u00ebt, nd\u00ebrsa n\u00eb terren \u00ebsht\u00eb konstatuar edhe nj\u00eb automjet i djegur plot\u00ebsisht.<\/p>\n<p>\u201c<em>P\u00ebr shkak t\u00eb situat\u00ebs s\u00eb zjarreve n\u00eb zon\u00ebn e Prisk\u00ebs dhe Fark\u00ebs, stacioni i pompimit n\u00eb Prisk\u00eb \u00ebsht\u00eb fikur pasi ka nd\u00ebrprerje t\u00eb energjis\u00eb elektrike.<\/em><\/p>\n<p><em>Si rrjedhoj\u00eb, n\u00eb zon\u00ebn e Lundr\u00ebs do t\u00eb ket\u00eb nd\u00ebrprerje t\u00eb furnizimit me uj\u00eb.<\/em><\/p>\n<p><em>UKT njofton se do t\u00eb dal\u00eb me nj\u00eb njoftim t\u00eb dyt\u00eb sapo situata t\u00eb rikthehet n\u00eb normalitet<\/em>\u201c, thuhet n\u00eb njoftim.<\/p>\n<p><strong>gijotina.com\/<\/strong><\/p>\n<p>The post <a href=\"https:\/\/gijotina.com\/pasojat-4\/\">Nga zjarri n\u00eb Prisk\u00eb, nd\u00ebrpritet energjia elektrike dhe furnizimi me uj\u00eb p\u00ebr zon\u00ebn Lundr\u00ebs<\/a> appeared first on <a href=\"https:\/\/gijotina.com\/\">GIJOTINA<\/a>.<\/p>","protected":false},"excerpt":{"rendered":"<p>Zjarri q\u00eb prej dit\u00ebsh vijon t\u00eb jet\u00eb aktiv n\u00eb zon\u00ebn e Prisk\u00ebs s\u00eb Madhe \u00ebsht\u00eb p\u00ebrhapur edhe n\u00eb drejtim t\u00eb Lundr\u00ebs, Fark\u00ebs s\u00eb Madhe dhe Gurr\u00ebs. Situata e zjarreve ka sjell\u00eb edhe nd\u00ebrprerje t\u00eb energjis\u00eb elektrike n\u00eb zon\u00eb, duke detyruar fikjen e stacionit t\u00eb pompimit t\u00eb ujit n\u00eb Prisk\u00eb. Si pasoj\u00eb, banor\u00ebt e zon\u00ebs s\u00eb [&hellip;]<\/p>\n","protected":false},"author":0,"featured_media":0,"comment_status":"open","ping_status":"open","sticky":false,"template":"","format":"standard","meta":{"footnotes":""},"categories":[1],"tags":[],"class_list":["post-96737","post","type-post","status-publish","format-standard","hentry","category-uncategorized"],"_links":{"self":[{"href":"https:\/\/zennihost.com\/test\/wp-json\/wp\/v2\/posts\/96737","targetHints":{"allow":["GET"]}}],"collection":[{"href":"https:\/\/zennihost.com\/test\/wp-json\/wp\/v2\/posts"}],"about":[{"href":"https:\/\/zennihost.com\/test\/wp-json\/wp\/v2\/types\/post"}],"replies":[{"embeddable":true,"href":"https:\/\/zennihost.com\/test\/wp-json\/wp\/v2\/comments?post=96737"}],"version-history":[{"count":0,"href":"https:\/\/zennihost.com\/test\/wp-json\/wp\/v2\/posts\/96737\/revisions"}],"wp:attachment":[{"href":"https:\/\/zennihost.com\/test\/wp-json\/wp\/v2\/media?parent=96737"}],"wp:term":[{"taxonomy":"category","embeddable":true,"href":"https:\/\/zennihost.com\/test\/wp-json\/wp\/v2\/categories?post=96737"},{"taxonomy":"post_tag","embeddable":true,"href":"https:\/\/zennihost.com\/test\/wp-json\/wp\/v2\/tags?post=96737"}],"curies":[{"name":"wp","href":"https:\/\/api.w.org\/{rel}","templated":true}]}}