{"id":96734,"date":"2026-08-13T08:48:14","date_gmt":"2026-08-13T08:48:14","guid":{"rendered":"https:\/\/zennihost.com\/test\/2026\/08\/13\/veliaj-ankohet-ne-apel-pasi-gjykata-nuk-e-shqyrtoi-padine-per-prokurorin-ols-dado\/"},"modified":"2026-08-13T08:48:14","modified_gmt":"2026-08-13T08:48:14","slug":"veliaj-ankohet-ne-apel-pasi-gjykata-nuk-e-shqyrtoi-padine-per-prokurorin-ols-dado","status":"publish","type":"post","link":"https:\/\/zennihost.com\/test\/2026\/08\/13\/veliaj-ankohet-ne-apel-pasi-gjykata-nuk-e-shqyrtoi-padine-per-prokurorin-ols-dado\/","title":{"rendered":"Veliaj ankohet n\u00eb Apel, pasi Gjykata nuk e shqyrtoi padin\u00eb p\u00ebr prokurorin Ols Dado"},"content":{"rendered":"<p>Kryetari i Bashkis\u00eb s\u00eb Tiran\u00ebs, ankimoi n\u00eb Apel, vendimin e Gjykat\u00ebs Administrative, e cila refuzoi t\u00eb shqyrtoj\u00eb padin\u00eb p\u00ebr pavlefshm\u00ebrin\u00eb e dekretit t\u00eb em\u00ebrimit t\u00eb prokurorit Ols Dado, q\u00eb ka n\u00eb dor\u00eb \u00e7\u00ebshtjen penale ndaj Erjon Veliajt.<\/p>\n<p>N\u00eb nj\u00eb njoftim publik, Veliaj thot\u00eb se gjykata nuk i dha p\u00ebrgjigje n\u00ebse mund t\u00eb jet\u00eb prokuror n\u00eb detyr\u00eb nj\u00eb person i em\u00ebruar n\u00eb kund\u00ebrshtim me kriteret ligjore.<\/p>\n<p>\u201cGjykata e mbylli \u00e7\u00ebshtjen p\u00ebr munges\u00eb legjitimimi, pa shqyrtuar n\u00eb themel faktin se, n\u00eb momentin e em\u00ebrimit n\u00eb vitin 2008, Ols Dado nuk kishte p\u00ebrfunduar Shkoll\u00ebn e Magjistratur\u00ebs. P\u00ebrball\u00eb pretendimit se pushteti penal i shtetit mund t\u00eb jet\u00eb ushtruar p\u00ebr vite mbi baz\u00ebn e nj\u00eb akti juridikisht t\u00eb pavlefsh\u00ebm, Gjykata zgjodhi t\u00eb mos e verifikoj\u00eb fare k\u00ebt\u00eb pretendim\u201d, thuhet n\u00eb reagimin e Veliajt.<\/p>\n<p>Veliaj thot\u00eb se ndodhet n\u00eb paraburgim prej 18 muajsh pa vendim gjykate faj\u00ebsie dhe po gjykohet p\u00ebr dyshimet e ngritura ndaj tij, duke ngritur paralelisht pyetjen, se p\u00ebrse prokurori q\u00eb ka ushtruar k\u00ebt\u00eb pushtet penal duhet t\u00eb mbetet jasht\u00eb kontrollit t\u00eb nj\u00eb gjykate p\u00ebr t\u00eb zbuluar n\u00ebse e ka fituar ligj\u00ebrisht statusin dhe kompetenc\u00ebn p\u00ebr t\u00eb vepruar si prokuror<\/p>\n<p>Kryebashkiaku thekson se kjo \u00e7\u00ebshtje shkon p\u00ebrtej interesit individual, por lidhet me shtetin e s\u00eb drejt\u00ebs dhe faktin q\u00eb prokuror\u00ebt dhe gjyqtar\u00ebt \u201cnuk duhet t\u00eb p\u00ebrjashtohen nga kontrolli gjyq\u00ebsor i ligjshm\u00ebris\u00eb s\u00eb titullit mbi t\u00eb cilin ushtrojn\u00eb pushtetin e tyre.\u201d<\/p>\n<p>Kujtojme se paralelisht vazhdon ne Gjykaten e Posacme gjyqi ndaj Erion Veliajt dhe te tjereve, te akuzuar per korrupsion dhe pastrim parash. Mbrojtja e tij nuk eshte perqendruar tek akuza, por tek procedurat dhe kunder prokurorit Ols Dado.<\/p>\n<p><strong>gijotina.com\/<\/strong><\/p>\n<p>The post <a href=\"https:\/\/gijotina.com\/administrative\/\">Veliaj ankohet n\u00eb Apel, pasi Gjykata nuk e shqyrtoi padin\u00eb p\u00ebr prokurorin Ols Dado<\/a> appeared first on <a href=\"https:\/\/gijotina.com\/\">GIJOTINA<\/a>.<\/p>","protected":false},"excerpt":{"rendered":"<p>Kryetari i Bashkis\u00eb s\u00eb Tiran\u00ebs, ankimoi n\u00eb Apel, vendimin e Gjykat\u00ebs Administrative, e cila refuzoi t\u00eb shqyrtoj\u00eb padin\u00eb p\u00ebr pavlefshm\u00ebrin\u00eb e dekretit t\u00eb em\u00ebrimit t\u00eb prokurorit Ols Dado, q\u00eb ka n\u00eb dor\u00eb \u00e7\u00ebshtjen penale ndaj Erjon Veliajt. N\u00eb nj\u00eb njoftim publik, Veliaj thot\u00eb se gjykata nuk i dha p\u00ebrgjigje n\u00ebse mund t\u00eb jet\u00eb prokuror n\u00eb [&hellip;]<\/p>\n","protected":false},"author":0,"featured_media":0,"comment_status":"open","ping_status":"open","sticky":false,"template":"","format":"standard","meta":{"footnotes":""},"categories":[1],"tags":[],"class_list":["post-96734","post","type-post","status-publish","format-standard","hentry","category-uncategorized"],"_links":{"self":[{"href":"https:\/\/zennihost.com\/test\/wp-json\/wp\/v2\/posts\/96734","targetHints":{"allow":["GET"]}}],"collection":[{"href":"https:\/\/zennihost.com\/test\/wp-json\/wp\/v2\/posts"}],"about":[{"href":"https:\/\/zennihost.com\/test\/wp-json\/wp\/v2\/types\/post"}],"replies":[{"embeddable":true,"href":"https:\/\/zennihost.com\/test\/wp-json\/wp\/v2\/comments?post=96734"}],"version-history":[{"count":0,"href":"https:\/\/zennihost.com\/test\/wp-json\/wp\/v2\/posts\/96734\/revisions"}],"wp:attachment":[{"href":"https:\/\/zennihost.com\/test\/wp-json\/wp\/v2\/media?parent=96734"}],"wp:term":[{"taxonomy":"category","embeddable":true,"href":"https:\/\/zennihost.com\/test\/wp-json\/wp\/v2\/categories?post=96734"},{"taxonomy":"post_tag","embeddable":true,"href":"https:\/\/zennihost.com\/test\/wp-json\/wp\/v2\/tags?post=96734"}],"curies":[{"name":"wp","href":"https:\/\/api.w.org\/{rel}","templated":true}]}}