{"id":96733,"date":"2026-08-13T08:48:13","date_gmt":"2026-08-13T08:48:13","guid":{"rendered":"https:\/\/zennihost.com\/test\/2026\/08\/13\/me-brinje-te-demtuara-e-ilace-ne-xhep-zjarrfikesi-se-braktis-detyren-5-dite-pa-gjume-komandanti-do-te-rrime-derisa-te-shuhet-vatra-e-fundit\/"},"modified":"2026-08-13T08:48:13","modified_gmt":"2026-08-13T08:48:13","slug":"me-brinje-te-demtuara-e-ilace-ne-xhep-zjarrfikesi-se-braktis-detyren-5-dite-pa-gjume-komandanti-do-te-rrime-derisa-te-shuhet-vatra-e-fundit","status":"publish","type":"post","link":"https:\/\/zennihost.com\/test\/2026\/08\/13\/me-brinje-te-demtuara-e-ilace-ne-xhep-zjarrfikesi-se-braktis-detyren-5-dite-pa-gjume-komandanti-do-te-rrime-derisa-te-shuhet-vatra-e-fundit\/","title":{"rendered":"Me brinj\u00eb t\u00eb d\u00ebmtuara e ila\u00e7e n\u00eb xhep, zjarrfik\u00ebsi s\u2019e braktis detyr\u00ebn\/ 5 dit\u00eb pa gjum\u00eb, komandanti: Do t\u00eb rrim\u00eb derisa t\u00eb shuhet vatra e fundit"},"content":{"rendered":"<p>I lodhur, i s\u00ebmur\u00eb dhe ende n\u00eb krye t\u00eb detyr\u00ebs p\u00ebr shuarjen e zjarreve n\u00eb Kruj\u00eb. Zjarrfik\u00ebsi Ali Tupi tregon p\u00ebr Report Tv nj\u00eb foto nga celulari, ku shihet grafia e kraharorit me d\u00ebmtimet n\u00eb brinj\u00eb. Nga xhepi nxjerr ila\u00e7et duke th\u00ebn\u00eb se k\u00ebt\u00eb pun\u00eb e b\u00ebn me zem\u00ebr.<\/p>\n<p>-Si ndiheni?<\/p>\n<p>Ali Tupi: I lodhur.<\/p>\n<p>-Vet\u00ebm i lodhur apo edhe i s\u00ebmur\u00eb?<\/p>\n<p>Ali Tupi: T\u00eb dyja bashk\u00eb.<\/p>\n<p>-A jeni vizituar?<\/p>\n<p>Ali Tupi: Po, kam b\u00ebr\u00eb grafi.<\/p>\n<p>-Me gjith\u00eb k\u00ebt\u00eb gjendje t\u00eb r\u00ebnduar sh\u00ebndet\u00ebsore, si vazhdoni pun\u00eb dhe vazhdoni t\u00eb jeni lart moralisht? \u00c7far\u00eb ju shtyn?<\/p>\n<p>Ali Tupi: Duhet t\u00eb vish n\u00eb pun\u00eb, do ta b\u00ebjm\u00eb me zem\u00ebr e njer\u00ebzill\u00ebk.<\/p>\n<p>-Sa dit\u00eb keni n\u00eb pun\u00eb?<\/p>\n<p>Ali Tupi: Nj\u00eb jav\u00eb.<\/p>\n<p>Me buz\u00ebqeshje, Altin Shullazi, komandanti i zjarrfik\u00ebsve q\u00eb po ndihmojn\u00eb n\u00eb zjarret n\u00eb Kruj\u00eb, refuzon ta l\u00ebshoj\u00eb veten.<\/p>\n<p>5 dit\u00eb e net pa gjum\u00eb, me koleg\u00ebt t\u00eb s\u00ebmur\u00eb, por t\u00eb gjith\u00eb nuk duan q\u00eb ta l\u00ebn\u00eb Kruj\u00ebn, qytetin ku jan\u00eb lindur e rritet, t\u00eb digjet.<\/p>\n<p>-Prej sa koh\u00ebsh je k\u00ebtu?<\/p>\n<p>Altin Shullazi: 5 dit\u00eb e 5 net. Merremi e zjarrin n\u00eb Kruj\u00eb, nuk do t\u00eb ndalojm\u00eb derisa t\u00eb shuhet. Jemi t\u00eb gjith\u00eb n\u00eb pun\u00eb.<\/p>\n<p>-Jeni lodhur e sfilitur, \u00e7far\u00eb ju b\u00ebn t\u00eb keni moral kaq t\u00eb lart\u00eb?<\/p>\n<p>Altin Shullazi: Na dhimbset ky qytet. Jemi lindur e rritur n\u00eb k\u00ebt\u00eb qytet, nuk duam t\u00eb shkat\u00ebrrohet.<\/p>\n<p>-Kemi informacion q\u00eb disa prej jush jan\u00eb me temperatur\u00eb, brinj\u00eb t\u00eb thyera e antibiotik\u00eb.<\/p>\n<p>Altin Shullazi: Pjesa m\u00eb e madhe jan\u00eb me temperatur\u00eb 39-40, jan\u00eb k\u00ebtu. Nuk do t\u00eb dor\u00ebzohemi deri n\u00eb fund, derisa ta mbyllim edhe vatr\u00ebn e fundit t\u00eb zjarrit.<\/p>\n<p>Nj\u00ebri prej\u00a0zjarrfik\u00ebsit teksa tregon p\u00ebr Report Tv k\u00ebmb\u00ebt dhe gishtat e nxir\u00eb, p\u00ebr shkak se nuk i ka hequr k\u00ebpuc\u00ebt q\u00eb kur kan\u00eb nisur zjarret.<\/p>\n<p>Kam nj\u00eb jav\u00eb pa gjum\u00eb dhe as k\u00ebpuc\u00ebt nuk kam heq q\u00eb prej disa dit\u00ebsh. Puna jon\u00eb k\u00ebshtu e ka. Edhe koleg\u00ebt e tjer\u00eb kan\u00eb d\u00ebmtime n\u00eb k\u00ebmb\u00eb\u201d, shprehet zjarrfik\u00ebsi Eduarti.<\/p>\n<p><strong>Report TV<\/strong><\/p>\n<p>The post <a href=\"https:\/\/gijotina.com\/heronjte\/\">Me brinj\u00eb t\u00eb d\u00ebmtuara e ila\u00e7e n\u00eb xhep, zjarrfik\u00ebsi s\u2019e braktis detyr\u00ebn\/ 5 dit\u00eb pa gjum\u00eb, komandanti: Do t\u00eb rrim\u00eb derisa t\u00eb shuhet vatra e fundit<\/a> appeared first on <a href=\"https:\/\/gijotina.com\/\">GIJOTINA<\/a>.<\/p>","protected":false},"excerpt":{"rendered":"<p>I lodhur, i s\u00ebmur\u00eb dhe ende n\u00eb krye t\u00eb detyr\u00ebs p\u00ebr shuarjen e zjarreve n\u00eb Kruj\u00eb. Zjarrfik\u00ebsi Ali Tupi tregon p\u00ebr Report Tv nj\u00eb foto nga celulari, ku shihet grafia e kraharorit me d\u00ebmtimet n\u00eb brinj\u00eb. Nga xhepi nxjerr ila\u00e7et duke th\u00ebn\u00eb se k\u00ebt\u00eb pun\u00eb e b\u00ebn me zem\u00ebr. -Si ndiheni? Ali Tupi: I lodhur. [&hellip;]<\/p>\n","protected":false},"author":0,"featured_media":0,"comment_status":"open","ping_status":"open","sticky":false,"template":"","format":"standard","meta":{"footnotes":""},"categories":[1],"tags":[],"class_list":["post-96733","post","type-post","status-publish","format-standard","hentry","category-uncategorized"],"_links":{"self":[{"href":"https:\/\/zennihost.com\/test\/wp-json\/wp\/v2\/posts\/96733","targetHints":{"allow":["GET"]}}],"collection":[{"href":"https:\/\/zennihost.com\/test\/wp-json\/wp\/v2\/posts"}],"about":[{"href":"https:\/\/zennihost.com\/test\/wp-json\/wp\/v2\/types\/post"}],"replies":[{"embeddable":true,"href":"https:\/\/zennihost.com\/test\/wp-json\/wp\/v2\/comments?post=96733"}],"version-history":[{"count":0,"href":"https:\/\/zennihost.com\/test\/wp-json\/wp\/v2\/posts\/96733\/revisions"}],"wp:attachment":[{"href":"https:\/\/zennihost.com\/test\/wp-json\/wp\/v2\/media?parent=96733"}],"wp:term":[{"taxonomy":"category","embeddable":true,"href":"https:\/\/zennihost.com\/test\/wp-json\/wp\/v2\/categories?post=96733"},{"taxonomy":"post_tag","embeddable":true,"href":"https:\/\/zennihost.com\/test\/wp-json\/wp\/v2\/tags?post=96733"}],"curies":[{"name":"wp","href":"https:\/\/api.w.org\/{rel}","templated":true}]}}