{"id":96731,"date":"2026-08-13T07:49:21","date_gmt":"2026-08-13T07:49:21","guid":{"rendered":"https:\/\/zennihost.com\/test\/2026\/08\/13\/veliaj-dhe-bashkia-tirane-ankimojne-vendimin-e-gjykates-administrative-per-dekretin-e-ols-dados\/"},"modified":"2026-08-13T07:49:21","modified_gmt":"2026-08-13T07:49:21","slug":"veliaj-dhe-bashkia-tirane-ankimojne-vendimin-e-gjykates-administrative-per-dekretin-e-ols-dados","status":"publish","type":"post","link":"https:\/\/zennihost.com\/test\/2026\/08\/13\/veliaj-dhe-bashkia-tirane-ankimojne-vendimin-e-gjykates-administrative-per-dekretin-e-ols-dados\/","title":{"rendered":"Veliaj dhe Bashkia Tiran\u00eb ankimojn\u00eb vendimin e Gjykat\u00ebs Administrative p\u00ebr dekretin e Ols Dados"},"content":{"rendered":"<p>Erion Veliaj dhe Bashkia Tiran\u00eb kan\u00eb ankimuar vendimin e Gjykat\u00ebs Administrative t\u00eb Shkall\u00ebs s\u00eb Par\u00eb Tiran\u00eb, e cila refuzoi t\u00eb shqyrtoj\u00eb n\u00eb themel padin\u00eb q\u00eb k\u00ebrkon konstatimin e pavlefshm\u00ebris\u00eb absolute t\u00eb dekretit t\u00eb em\u00ebrimit t\u00eb Ols Dados n\u00eb detyr\u00ebn e prokurorit.<\/p>\n<p>Thelbi i \u00e7\u00ebshtjes \u00ebsht\u00eb i thjesht\u00eb: a mund t\u00eb ushtroj\u00eb pushtetin penal t\u00eb shtetit nj\u00eb person q\u00eb pretendohet se \u00ebsht\u00eb em\u00ebruar n\u00eb kund\u00ebrshtim me kriteret urdh\u00ebruese t\u00eb ligjit? Pik\u00ebrisht k\u00ebsaj pyetjeje Gjykata nuk i dha p\u00ebrgjigje. Ajo e mbylli \u00e7\u00ebshtjen p\u00ebr munges\u00eb legjitimimi, pa shqyrtuar n\u00eb themel faktin se, n\u00eb momentin e em\u00ebrimit n\u00eb vitin 2008, Ols Dado nuk kishte p\u00ebrfunduar Shkoll\u00ebn e Magjistratur\u00ebs dhe, sipas padis\u00eb, nuk plot\u00ebsonte asnj\u00eb nga kriteret ligjore p\u00ebrjashtimore q\u00eb do t\u00eb lejonin em\u00ebrimin e tij si prokuror.<\/p>\n<p>\u00c7\u00ebshtja b\u00ebhet edhe m\u00eb serioze sepse pretendohet pavlefshm\u00ebria absolute \u2013 forma m\u00eb e r\u00ebnd\u00eb e paligjshm\u00ebris\u00eb s\u00eb nj\u00eb akti administrativ. Ligji parashikon q\u00eb ajo mund t\u00eb konstatohet n\u00eb \u00e7do koh\u00eb, madje edhe kryesisht nga vet\u00eb gjykata. Megjithat\u00eb, Gjykata e mbylli procesin p\u00ebr munges\u00eb legjitimimi, pa shqyrtuar pik\u00ebrisht at\u00eb q\u00eb ligji i lejon dhe i k\u00ebrkon ta konstatoj\u00eb edhe kryesisht: n\u00ebse akti q\u00eb i ka dh\u00ebn\u00eb Ols Dados statusin e prokurorit \u00ebsht\u00eb apo jo absolutisht i pavlefsh\u00ebm. Pra, p\u00ebrball\u00eb pretendimit se pushteti penal i shtetit mund t\u00eb jet\u00eb ushtruar p\u00ebr vite mbi baz\u00ebn e nj\u00eb akti juridikisht t\u00eb pavlefsh\u00ebm, Gjykata zgjodhi t\u00eb mos e verifikoj\u00eb fare k\u00ebt\u00eb pretendim.<br \/>\nKjo \u00e7\u00ebshtje shkon p\u00ebrtej interesit individual t\u00eb Erion Veliajt. Ajo shtron nj\u00eb pyetje themelore p\u00ebr shtetin e s\u00eb drejt\u00ebs: a jan\u00eb t\u00eb gjith\u00eb t\u00eb barabart\u00eb p\u00ebrpara ligjit, apo prokuror\u00ebt dhe gjyqtar\u00ebt p\u00ebrjashtohen nga kontrolli gjyq\u00ebsor i ligjshm\u00ebris\u00eb s\u00eb titullit mbi t\u00eb cilin ushtrojn\u00eb pushtetin e tyre?<br \/>\nKryetari i Bashkis\u00eb, i zgjedhur demokratikisht nga rreth 160 mij\u00eb qytetar\u00eb t\u00eb Tiran\u00ebs, i \u00ebsht\u00eb n\u00ebnshtruar pushtetit penal t\u00eb shtetit, ndodhet n\u00eb paraburgim prej 18 muajsh pa vendim gjykate faj\u00ebsie dhe po gjykohet p\u00ebr dyshimet e ngritura ndaj tij. P\u00ebrse, at\u00ebher\u00eb, prokurori q\u00eb ka ushtruar k\u00ebt\u00eb pushtet penal duhet t\u00eb mbetet jasht\u00eb kontrollit t\u00eb nj\u00eb gjykate p\u00ebr nj\u00eb pyetje elementare: a e ka fituar ligj\u00ebrisht statusin dhe kompetenc\u00ebn p\u00ebr t\u00eb vepruar si prokuror? N\u00ebse i zgjedhuri nga qytetar\u00ebt duhet t\u2019i n\u00ebnshtrohet ligjit dhe gjykat\u00ebs, p\u00ebrse prokurori i em\u00ebruar refuzon t\u2019i n\u00ebnshtrohet t\u00eb nj\u00ebjtit standard p\u00ebr ligjshm\u00ebrin\u00eb e pushtetit q\u00eb ushtron?<\/p>\n<p>Barazia para ligjit nuk mund t\u00eb funksionoj\u00eb vet\u00ebm p\u00ebr t\u00eb akuzuarin. Edhe pushteti q\u00eb heton dhe akuzon duhet t\u00eb provoj\u00eb se buron nga ligji.<br \/>\nPik\u00ebrisht k\u00ebt\u00eb k\u00ebrkuam nga Gjykata Administrative e Shkall\u00ebs s\u00eb Par\u00eb dhe pik\u00ebrisht k\u00ebt\u00eb k\u00ebrkojm\u00eb sot nga Gjykata Administrative e Apelit: asnj\u00eb imunitet p\u00ebr Kryetarin e Bashkis\u00eb, por asnj\u00eb imunitet nga kontrolli gjyq\u00ebsor p\u00ebr prokurorin.<\/p>","protected":false},"excerpt":{"rendered":"<p>Erion Veliaj dhe Bashkia Tiran\u00eb kan\u00eb ankimuar vendimin e Gjykat\u00ebs Administrative t\u00eb Shkall\u00ebs s\u00eb Par\u00eb Tiran\u00eb, e cila refuzoi t\u00eb shqyrtoj\u00eb n\u00eb themel padin\u00eb q\u00eb k\u00ebrkon konstatimin e pavlefshm\u00ebris\u00eb absolute t\u00eb dekretit t\u00eb em\u00ebrimit t\u00eb Ols Dados n\u00eb detyr\u00ebn e prokurorit. Thelbi i \u00e7\u00ebshtjes \u00ebsht\u00eb i thjesht\u00eb: a mund t\u00eb ushtroj\u00eb pushtetin penal t\u00eb shtetit [&hellip;]<\/p>\n","protected":false},"author":0,"featured_media":0,"comment_status":"open","ping_status":"open","sticky":false,"template":"","format":"standard","meta":{"footnotes":""},"categories":[1],"tags":[],"class_list":["post-96731","post","type-post","status-publish","format-standard","hentry","category-uncategorized"],"_links":{"self":[{"href":"https:\/\/zennihost.com\/test\/wp-json\/wp\/v2\/posts\/96731","targetHints":{"allow":["GET"]}}],"collection":[{"href":"https:\/\/zennihost.com\/test\/wp-json\/wp\/v2\/posts"}],"about":[{"href":"https:\/\/zennihost.com\/test\/wp-json\/wp\/v2\/types\/post"}],"replies":[{"embeddable":true,"href":"https:\/\/zennihost.com\/test\/wp-json\/wp\/v2\/comments?post=96731"}],"version-history":[{"count":0,"href":"https:\/\/zennihost.com\/test\/wp-json\/wp\/v2\/posts\/96731\/revisions"}],"wp:attachment":[{"href":"https:\/\/zennihost.com\/test\/wp-json\/wp\/v2\/media?parent=96731"}],"wp:term":[{"taxonomy":"category","embeddable":true,"href":"https:\/\/zennihost.com\/test\/wp-json\/wp\/v2\/categories?post=96731"},{"taxonomy":"post_tag","embeddable":true,"href":"https:\/\/zennihost.com\/test\/wp-json\/wp\/v2\/tags?post=96731"}],"curies":[{"name":"wp","href":"https:\/\/api.w.org\/{rel}","templated":true}]}}